{"id":16442,"date":"2026-08-26T13:46:00","date_gmt":"2026-08-26T11:46:00","guid":{"rendered":"https:\/\/www.dsju.hr\/?p=16442"},"modified":"2026-09-02T14:10:50","modified_gmt":"2026-09-02T12:10:50","slug":"na-egpa-konferenciji-u-rimu-predstavljena-dva-dsju-clanka","status":"publish","type":"post","link":"https:\/\/www.dsju.hr\/en\/medunarodna-suradnja-i-projekti\/medunarodna-suradnja\/na-egpa-konferenciji-u-rimu-predstavljena-dva-dsju-clanka\/","title":{"rendered":"Na EGPA konferenciji u Rimu predstavljena dva D\u0160JU \u010dlanka"},"content":{"rendered":"<p class=\"wp-block-paragraph\">Na konferenciji se raspravljalo o ulozi javne uprave u oblikovanju uklju\u010divijeg, otpornijeg i odr\u017eivijeg svijeta, posebice u redefiniranju upravljanja za op\u0107e dobro \u2013 gdje se ljudska inteligencija i javna slu\u017eba ujedinjuju kako bi odgovorile na izazove globalne zajednice. Pritom je, izme\u0111u ostalog, istaknuta va\u017enost obrazovanja u podru\u010dju javne uprave zbog oblikovanja ljudi, vje\u0161tina i institucija koji upravljaju slo\u017eenim dru\u0161tvima.<\/p>\n\n\n\n<p class=\"wp-block-paragraph\">Konferencija je okupila vi\u0161e od 600 sudionika (relevantnih stru\u010dnjaka, znanstvenika i prakti\u010dara) omogu\u0107iv\u0161i im prostor za raspravu o tome kako obrazovanje i osposobljavanje u podru\u010dju javne uprave mogu odgovoriti na digitalnu transformaciju, umjetnu inteligenciju, pritiske na demokratske procese, slo\u017eenost javnih politika i promjenjiva o\u010dekivanja od javnih usluga.<\/p>\n\n\n\n<p class=\"wp-block-paragraph\">Na konferenciji su predstavljena dva stru\u010dna \u010dlanka \u010diji su (su)autori djelatnici Dr\u017eavne \u0161kole za javnu upravu: pomo\u0107nica ravnatelja D\u0160JU Valentina Feren\u010dak u \u010dlanku <strong><em>From course provider to learning architect<\/em><\/strong> (Dr. Osman Bayraktar, Valentina Feren\u010dak \u2013 D\u0160JU, Jelena Mrdak \u2013 ReSPA i prof. dr. J\u00fcrgen Kegelmann &#8211; University of Applied Sciences for Public Administration Kehl) te voditeljica Slu\u017ebe za me\u0111unarodnu suradnju i projekte Marija Grga u \u010dlanku <strong><em>From Personal Learning to Institutional Learning: AI Readiness and Training Needs in the Public Administration of Bulgaria, Croatia and Romania<\/em><\/strong> (Alina Blei i Ioana Roxana Melenciuc &#8211; INA Rumunjska, Pavel Ivanov \u2013 IPA Bugarska i Marija Grga &#8211; D\u0160JU).<\/p>\n\n\n\n<p class=\"wp-block-paragraph\">Godi\u0161nja konferencija EGPA-e sredi\u0161nji je doga\u0111aj Europske skupine za javnu upravu i okosnica njezinih znanstvenih aktivnosti. Konferencija se svake godine odr\u017eava u drugoj europskoj zemlji te okuplja znanstvenike, prakti\u010dare i istra\u017eiva\u010de na po\u010detku karijere u svrhu rasprave o najnovijim dostignu\u0107ima u podru\u010dju javne uprave, upravljanja i javnih politika.<br>Klju\u010dni dio konferencije \u010dini rad stalnih studijskih skupina EGPA-e, koje organiziraju posebne sesije i pru\u017eaju strukturiranu platformu za dubinsku akademsku razmjenu i suradnju. Tematski paneli i radionice u organizaciji \u010dlanova EGPA-e i institucionalnih partnera dodatno oboga\u0107uju raznolikost i intelektualni doseg programa.<\/p>","protected":false},"excerpt":{"rendered":"<p>Od 24. do 26. kolovoza 2026. godine na Sveu\u010dili\u0161tu Sapienza u Rimu odr\u017eana je konferencija pod nazivom <a href=\"\/en\/\u201chttps:\/\/www.iias-iisa.org\/egpa-2026-conference\/\">Public Governance for the Common Good: Human Intelligence Serving the Global Community<\/a>, u organizaciji Europske skupine za javnu upravu (EGPA).<\/p>","protected":false},"author":1,"featured_media":16443,"comment_status":"closed","ping_status":"closed","sticky":false,"template":"","format":"standard","meta":{"_acf_changed":false,"_tec_requires_first_save":true,"inline_featured_image":false,"_EventAllDay":false,"_EventTimezone":"","_EventStartDate":"","_EventEndDate":"","_EventStartDateUTC":"","_EventEndDateUTC":"","_EventShowMap":false,"_EventShowMapLink":false,"_EventURL":"","_EventCost":"","_EventCostDescription":"","_EventCurrencySymbol":"","_EventCurrencyCode":"","_EventCurrencyPosition":"","_EventDateTimeSeparator":"","_EventTimeRangeSeparator":"","_EventOrganizerID":[],"_EventVenueID":[],"_OrganizerEmail":"","_OrganizerPhone":"","_OrganizerWebsite":"","_VenueAddress":"","_VenueCity":"","_VenueCountry":"","_VenueProvince":"","_VenueState":"","_VenueZip":"","_VenuePhone":"","_VenueURL":"","_VenueStateProvince":"","_VenueLat":"","_VenueLng":"","_VenueShowMap":false,"_VenueShowMapLink":false,"_tribe_blocks_recurrence_rules":"","_tribe_blocks_recurrence_description":"","_tribe_blocks_recurrence_exclusions":"","footnotes":""},"categories":[39,16],"tags":[],"class_list":["post-16442","post","type-post","status-publish","format-standard","has-post-thumbnail","hentry","category-medunarodna-suradnja","category-novosti"],"acf":[],"yoast_head":"<!-- This site is optimized with the Yoast SEO plugin v23.4 - https:\/\/yoast.com\/wordpress\/plugins\/seo\/ -->\n<title>Na EGPA konferenciji u Rimu predstavljena dva D\u0160JU \u010dlanka - Dr\u017eavna \u0161kola za javnu upravu<\/title>\n<meta name=\"robots\" content=\"index, follow, max-snippet:-1, max-image-preview:large, max-video-preview:-1\" \/>\n<link rel=\"canonical\" href=\"https:\/\/www.dsju.hr\/en\/medunarodna-suradnja-i-projekti\/medunarodna-suradnja\/na-egpa-konferenciji-u-rimu-predstavljena-dva-dsju-clanka\/\" \/>\n<meta property=\"og:locale\" content=\"en_GB\" \/>\n<meta property=\"og:type\" content=\"article\" \/>\n<meta property=\"og:title\" content=\"Na EGPA konferenciji u Rimu predstavljena dva D\u0160JU \u010dlanka - Dr\u017eavna \u0161kola za javnu upravu\" \/>\n<meta property=\"og:description\" content=\"Od 24. do 26. kolovoza 2026. godine na Sveu\u010dili\u0161tu Sapienza u Rimu odr\u017eana je konferencija pod nazivom Public Governance for the Common Good: Human Intelligence Serving the Global Community, u organizaciji Europske skupine za javnu upravu (EGPA).\" \/>\n<meta property=\"og:url\" content=\"https:\/\/www.dsju.hr\/en\/medunarodna-suradnja-i-projekti\/medunarodna-suradnja\/na-egpa-konferenciji-u-rimu-predstavljena-dva-dsju-clanka\/\" \/>\n<meta property=\"og:site_name\" content=\"Dr\u017eavna \u0161kola za javnu upravu\" \/>\n<meta property=\"article:published_time\" content=\"2026-08-26T11:46:00+00:00\" \/>\n<meta property=\"article:modified_time\" content=\"2026-09-02T12:10:50+00:00\" \/>\n<meta property=\"og:image\" content=\"https:\/\/www.dsju.hr\/wp-content\/uploads\/2026\/09\/EGPA-2026_4.jpg\" \/>\n\t<meta property=\"og:image:width\" content=\"800\" \/>\n\t<meta property=\"og:image:height\" content=\"450\" \/>\n\t<meta property=\"og:image:type\" content=\"image\/jpeg\" \/>\n<meta name=\"author\" content=\"DsjuAdmin\" \/>\n<meta name=\"twitter:card\" content=\"summary_large_image\" \/>\n<meta name=\"twitter:label1\" content=\"Written by\" \/>\n\t<meta name=\"twitter:data1\" content=\"DsjuAdmin\" \/>\n\t<meta name=\"twitter:label2\" content=\"Estimated reading time\" \/>\n\t<meta name=\"twitter:data2\" content=\"2 minutes\" \/>\n<script type=\"application\/ld+json\" class=\"yoast-schema-graph\">{\"@context\":\"https:\/\/schema.org\",\"@graph\":[{\"@type\":\"Article\",\"@id\":\"https:\/\/www.dsju.hr\/medunarodna-suradnja-i-projekti\/medunarodna-suradnja\/na-egpa-konferenciji-u-rimu-predstavljena-dva-dsju-clanka\/#article\",\"isPartOf\":{\"@id\":\"https:\/\/www.dsju.hr\/medunarodna-suradnja-i-projekti\/medunarodna-suradnja\/na-egpa-konferenciji-u-rimu-predstavljena-dva-dsju-clanka\/\"},\"author\":{\"name\":\"DsjuAdmin\",\"@id\":\"https:\/\/www.dsju.hr\/#\/schema\/person\/c396e83622c42e65c45c4d73d731665f\"},\"headline\":\"Na EGPA konferenciji u Rimu predstavljena dva D\u0160JU \u010dlanka\",\"datePublished\":\"2026-08-26T11:46:00+00:00\",\"dateModified\":\"2026-09-02T12:10:50+00:00\",\"mainEntityOfPage\":{\"@id\":\"https:\/\/www.dsju.hr\/medunarodna-suradnja-i-projekti\/medunarodna-suradnja\/na-egpa-konferenciji-u-rimu-predstavljena-dva-dsju-clanka\/\"},\"wordCount\":348,\"publisher\":{\"@id\":\"https:\/\/www.dsju.hr\/#organization\"},\"image\":{\"@id\":\"https:\/\/www.dsju.hr\/medunarodna-suradnja-i-projekti\/medunarodna-suradnja\/na-egpa-konferenciji-u-rimu-predstavljena-dva-dsju-clanka\/#primaryimage\"},\"thumbnailUrl\":\"https:\/\/www.dsju.hr\/wp-content\/uploads\/2026\/09\/EGPA-2026_4.jpg\",\"articleSection\":[\"Me\u0111unarodna suradnja\",\"Novosti\"],\"inLanguage\":\"en-GB\"},{\"@type\":\"WebPage\",\"@id\":\"https:\/\/www.dsju.hr\/medunarodna-suradnja-i-projekti\/medunarodna-suradnja\/na-egpa-konferenciji-u-rimu-predstavljena-dva-dsju-clanka\/\",\"url\":\"https:\/\/www.dsju.hr\/medunarodna-suradnja-i-projekti\/medunarodna-suradnja\/na-egpa-konferenciji-u-rimu-predstavljena-dva-dsju-clanka\/\",\"name\":\"Na EGPA konferenciji u Rimu predstavljena dva D\u0160JU \u010dlanka - Dr\u017eavna \u0161kola za javnu upravu\",\"isPartOf\":{\"@id\":\"https:\/\/www.dsju.hr\/#website\"},\"primaryImageOfPage\":{\"@id\":\"https:\/\/www.dsju.hr\/medunarodna-suradnja-i-projekti\/medunarodna-suradnja\/na-egpa-konferenciji-u-rimu-predstavljena-dva-dsju-clanka\/#primaryimage\"},\"image\":{\"@id\":\"https:\/\/www.dsju.hr\/medunarodna-suradnja-i-projekti\/medunarodna-suradnja\/na-egpa-konferenciji-u-rimu-predstavljena-dva-dsju-clanka\/#primaryimage\"},\"thumbnailUrl\":\"https:\/\/www.dsju.hr\/wp-content\/uploads\/2026\/09\/EGPA-2026_4.jpg\",\"datePublished\":\"2026-08-26T11:46:00+00:00\",\"dateModified\":\"2026-09-02T12:10:50+00:00\",\"inLanguage\":\"en-GB\",\"potentialAction\":[{\"@type\":\"ReadAction\",\"target\":[\"https:\/\/www.dsju.hr\/medunarodna-suradnja-i-projekti\/medunarodna-suradnja\/na-egpa-konferenciji-u-rimu-predstavljena-dva-dsju-clanka\/\"]}]},{\"@type\":\"ImageObject\",\"inLanguage\":\"en-GB\",\"@id\":\"https:\/\/www.dsju.hr\/medunarodna-suradnja-i-projekti\/medunarodna-suradnja\/na-egpa-konferenciji-u-rimu-predstavljena-dva-dsju-clanka\/#primaryimage\",\"url\":\"https:\/\/www.dsju.hr\/wp-content\/uploads\/2026\/09\/EGPA-2026_4.jpg\",\"contentUrl\":\"https:\/\/www.dsju.hr\/wp-content\/uploads\/2026\/09\/EGPA-2026_4.jpg\",\"width\":800,\"height\":450},{\"@type\":\"WebSite\",\"@id\":\"https:\/\/www.dsju.hr\/#website\",\"url\":\"https:\/\/www.dsju.hr\/\",\"name\":\"Dr\u017eavna \u0161kola za javnu upravu\",\"description\":\"\",\"publisher\":{\"@id\":\"https:\/\/www.dsju.hr\/#organization\"},\"potentialAction\":[{\"@type\":\"SearchAction\",\"target\":{\"@type\":\"EntryPoint\",\"urlTemplate\":\"https:\/\/www.dsju.hr\/?s={search_term_string}\"},\"query-input\":{\"@type\":\"PropertyValueSpecification\",\"valueRequired\":true,\"valueName\":\"search_term_string\"}}],\"inLanguage\":\"en-GB\"},{\"@type\":\"Organization\",\"@id\":\"https:\/\/www.dsju.hr\/#organization\",\"name\":\"Dr\u017eavna \u0161kola za javnu upravu\",\"url\":\"https:\/\/www.dsju.hr\/\",\"logo\":{\"@type\":\"ImageObject\",\"inLanguage\":\"en-GB\",\"@id\":\"https:\/\/www.dsju.hr\/#\/schema\/logo\/image\/\",\"url\":\"https:\/\/www.dsju.hr\/wp-content\/uploads\/2023\/01\/DSJU_logo_white.png\",\"contentUrl\":\"https:\/\/www.dsju.hr\/wp-content\/uploads\/2023\/01\/DSJU_logo_white.png\",\"width\":501,\"height\":182,\"caption\":\"Dr\u017eavna \u0161kola za javnu upravu\"},\"image\":{\"@id\":\"https:\/\/www.dsju.hr\/#\/schema\/logo\/image\/\"}},{\"@type\":\"Person\",\"@id\":\"https:\/\/www.dsju.hr\/#\/schema\/person\/c396e83622c42e65c45c4d73d731665f\",\"name\":\"DsjuAdmin\",\"image\":{\"@type\":\"ImageObject\",\"inLanguage\":\"en-GB\",\"@id\":\"https:\/\/www.dsju.hr\/#\/schema\/person\/image\/\",\"url\":\"https:\/\/secure.gravatar.com\/avatar\/fe7b4a1d7c2790380222d16766731dba274dc5876c56827326f5bcce7ac94d48?s=96&d=mm&r=g\",\"contentUrl\":\"https:\/\/secure.gravatar.com\/avatar\/fe7b4a1d7c2790380222d16766731dba274dc5876c56827326f5bcce7ac94d48?s=96&d=mm&r=g\",\"caption\":\"DsjuAdmin\"},\"sameAs\":[\"http:\/\/dsju.simetrys.info\"],\"url\":\"https:\/\/www.dsju.hr\/en\/author\/dsjuadmin\/\"}]}<\/script>\n<!-- \/ Yoast SEO plugin. -->","yoast_head_json":{"title":"Na EGPA konferenciji u Rimu predstavljena dva D\u0160JU \u010dlanka - Dr\u017eavna \u0161kola za javnu upravu","robots":{"index":"index","follow":"follow","max-snippet":"max-snippet:-1","max-image-preview":"max-image-preview:large","max-video-preview":"max-video-preview:-1"},"canonical":"https:\/\/www.dsju.hr\/en\/medunarodna-suradnja-i-projekti\/medunarodna-suradnja\/na-egpa-konferenciji-u-rimu-predstavljena-dva-dsju-clanka\/","og_locale":"en_GB","og_type":"article","og_title":"Na EGPA konferenciji u Rimu predstavljena dva D\u0160JU \u010dlanka - Dr\u017eavna \u0161kola za javnu upravu","og_description":"Od 24. do 26. kolovoza 2026. godine na Sveu\u010dili\u0161tu Sapienza u Rimu odr\u017eana je konferencija pod nazivom Public Governance for the Common Good: Human Intelligence Serving the Global Community, u organizaciji Europske skupine za javnu upravu (EGPA).","og_url":"https:\/\/www.dsju.hr\/en\/medunarodna-suradnja-i-projekti\/medunarodna-suradnja\/na-egpa-konferenciji-u-rimu-predstavljena-dva-dsju-clanka\/","og_site_name":"Dr\u017eavna \u0161kola za javnu upravu","article_published_time":"2026-08-26T11:46:00+00:00","article_modified_time":"2026-09-02T12:10:50+00:00","og_image":[{"width":800,"height":450,"url":"https:\/\/www.dsju.hr\/wp-content\/uploads\/2026\/09\/EGPA-2026_4.jpg","type":"image\/jpeg"}],"author":"DsjuAdmin","twitter_card":"summary_large_image","twitter_misc":{"Written by":"DsjuAdmin","Estimated reading time":"2 minutes"},"schema":{"@context":"https:\/\/schema.org","@graph":[{"@type":"Article","@id":"https:\/\/www.dsju.hr\/medunarodna-suradnja-i-projekti\/medunarodna-suradnja\/na-egpa-konferenciji-u-rimu-predstavljena-dva-dsju-clanka\/#article","isPartOf":{"@id":"https:\/\/www.dsju.hr\/medunarodna-suradnja-i-projekti\/medunarodna-suradnja\/na-egpa-konferenciji-u-rimu-predstavljena-dva-dsju-clanka\/"},"author":{"name":"DsjuAdmin","@id":"https:\/\/www.dsju.hr\/#\/schema\/person\/c396e83622c42e65c45c4d73d731665f"},"headline":"Na EGPA konferenciji u Rimu predstavljena dva D\u0160JU \u010dlanka","datePublished":"2026-08-26T11:46:00+00:00","dateModified":"2026-09-02T12:10:50+00:00","mainEntityOfPage":{"@id":"https:\/\/www.dsju.hr\/medunarodna-suradnja-i-projekti\/medunarodna-suradnja\/na-egpa-konferenciji-u-rimu-predstavljena-dva-dsju-clanka\/"},"wordCount":348,"publisher":{"@id":"https:\/\/www.dsju.hr\/#organization"},"image":{"@id":"https:\/\/www.dsju.hr\/medunarodna-suradnja-i-projekti\/medunarodna-suradnja\/na-egpa-konferenciji-u-rimu-predstavljena-dva-dsju-clanka\/#primaryimage"},"thumbnailUrl":"https:\/\/www.dsju.hr\/wp-content\/uploads\/2026\/09\/EGPA-2026_4.jpg","articleSection":["Me\u0111unarodna suradnja","Novosti"],"inLanguage":"en-GB"},{"@type":"WebPage","@id":"https:\/\/www.dsju.hr\/medunarodna-suradnja-i-projekti\/medunarodna-suradnja\/na-egpa-konferenciji-u-rimu-predstavljena-dva-dsju-clanka\/","url":"https:\/\/www.dsju.hr\/medunarodna-suradnja-i-projekti\/medunarodna-suradnja\/na-egpa-konferenciji-u-rimu-predstavljena-dva-dsju-clanka\/","name":"Na EGPA konferenciji u Rimu predstavljena dva D\u0160JU \u010dlanka - Dr\u017eavna \u0161kola za javnu upravu","isPartOf":{"@id":"https:\/\/www.dsju.hr\/#website"},"primaryImageOfPage":{"@id":"https:\/\/www.dsju.hr\/medunarodna-suradnja-i-projekti\/medunarodna-suradnja\/na-egpa-konferenciji-u-rimu-predstavljena-dva-dsju-clanka\/#primaryimage"},"image":{"@id":"https:\/\/www.dsju.hr\/medunarodna-suradnja-i-projekti\/medunarodna-suradnja\/na-egpa-konferenciji-u-rimu-predstavljena-dva-dsju-clanka\/#primaryimage"},"thumbnailUrl":"https:\/\/www.dsju.hr\/wp-content\/uploads\/2026\/09\/EGPA-2026_4.jpg","datePublished":"2026-08-26T11:46:00+00:00","dateModified":"2026-09-02T12:10:50+00:00","inLanguage":"en-GB","potentialAction":[{"@type":"ReadAction","target":["https:\/\/www.dsju.hr\/medunarodna-suradnja-i-projekti\/medunarodna-suradnja\/na-egpa-konferenciji-u-rimu-predstavljena-dva-dsju-clanka\/"]}]},{"@type":"ImageObject","inLanguage":"en-GB","@id":"https:\/\/www.dsju.hr\/medunarodna-suradnja-i-projekti\/medunarodna-suradnja\/na-egpa-konferenciji-u-rimu-predstavljena-dva-dsju-clanka\/#primaryimage","url":"https:\/\/www.dsju.hr\/wp-content\/uploads\/2026\/09\/EGPA-2026_4.jpg","contentUrl":"https:\/\/www.dsju.hr\/wp-content\/uploads\/2026\/09\/EGPA-2026_4.jpg","width":800,"height":450},{"@type":"WebSite","@id":"https:\/\/www.dsju.hr\/#website","url":"https:\/\/www.dsju.hr\/","name":"National School for Public Administration","description":"","publisher":{"@id":"https:\/\/www.dsju.hr\/#organization"},"potentialAction":[{"@type":"SearchAction","target":{"@type":"EntryPoint","urlTemplate":"https:\/\/www.dsju.hr\/?s={search_term_string}"},"query-input":{"@type":"PropertyValueSpecification","valueRequired":true,"valueName":"search_term_string"}}],"inLanguage":"en-GB"},{"@type":"Organization","@id":"https:\/\/www.dsju.hr\/#organization","name":"National School for Public Administration","url":"https:\/\/www.dsju.hr\/","logo":{"@type":"ImageObject","inLanguage":"en-GB","@id":"https:\/\/www.dsju.hr\/#\/schema\/logo\/image\/","url":"https:\/\/www.dsju.hr\/wp-content\/uploads\/2023\/01\/DSJU_logo_white.png","contentUrl":"https:\/\/www.dsju.hr\/wp-content\/uploads\/2023\/01\/DSJU_logo_white.png","width":501,"height":182,"caption":"Dr\u017eavna \u0161kola za javnu upravu"},"image":{"@id":"https:\/\/www.dsju.hr\/#\/schema\/logo\/image\/"}},{"@type":"Person","@id":"https:\/\/www.dsju.hr\/#\/schema\/person\/c396e83622c42e65c45c4d73d731665f","name":"DsjuAdmin","image":{"@type":"ImageObject","inLanguage":"en-GB","@id":"https:\/\/www.dsju.hr\/#\/schema\/person\/image\/","url":"https:\/\/secure.gravatar.com\/avatar\/fe7b4a1d7c2790380222d16766731dba274dc5876c56827326f5bcce7ac94d48?s=96&d=mm&r=g","contentUrl":"https:\/\/secure.gravatar.com\/avatar\/fe7b4a1d7c2790380222d16766731dba274dc5876c56827326f5bcce7ac94d48?s=96&d=mm&r=g","caption":"DsjuAdmin"},"sameAs":["http:\/\/dsju.simetrys.info"],"url":"https:\/\/www.dsju.hr\/en\/author\/dsjuadmin\/"}]}},"_links":{"self":[{"href":"https:\/\/www.dsju.hr\/en\/wp-json\/wp\/v2\/posts\/16442","targetHints":{"allow":["GET"]}}],"collection":[{"href":"https:\/\/www.dsju.hr\/en\/wp-json\/wp\/v2\/posts"}],"about":[{"href":"https:\/\/www.dsju.hr\/en\/wp-json\/wp\/v2\/types\/post"}],"author":[{"embeddable":true,"href":"https:\/\/www.dsju.hr\/en\/wp-json\/wp\/v2\/users\/1"}],"replies":[{"embeddable":true,"href":"https:\/\/www.dsju.hr\/en\/wp-json\/wp\/v2\/comments?post=16442"}],"version-history":[{"count":6,"href":"https:\/\/www.dsju.hr\/en\/wp-json\/wp\/v2\/posts\/16442\/revisions"}],"predecessor-version":[{"id":16457,"href":"https:\/\/www.dsju.hr\/en\/wp-json\/wp\/v2\/posts\/16442\/revisions\/16457"}],"wp:featuredmedia":[{"embeddable":true,"href":"https:\/\/www.dsju.hr\/en\/wp-json\/wp\/v2\/media\/16443"}],"wp:attachment":[{"href":"https:\/\/www.dsju.hr\/en\/wp-json\/wp\/v2\/media?parent=16442"}],"wp:term":[{"taxonomy":"category","embeddable":true,"href":"https:\/\/www.dsju.hr\/en\/wp-json\/wp\/v2\/categories?post=16442"},{"taxonomy":"post_tag","embeddable":true,"href":"https:\/\/www.dsju.hr\/en\/wp-json\/wp\/v2\/tags?post=16442"}],"curies":[{"name":"wp","href":"https:\/\/api.w.org\/{rel}","templated":true}]}}