{"id":15997,"date":"2026-03-04T15:14:12","date_gmt":"2026-03-04T14:14:12","guid":{"rendered":"https:\/\/www.dsju.hr\/?p=15997"},"modified":"2026-03-05T16:00:40","modified_gmt":"2026-03-05T15:00:40","slug":"odrzana-radionica-na-temu-primjene-umjetne-inteligencije-i-jacanja-digitalnih-vjestina-u-javnoj-upravi","status":"publish","type":"post","link":"https:\/\/www.dsju.hr\/en\/medunarodna-suradnja-i-projekti\/medunarodna-suradnja\/odrzana-radionica-na-temu-primjene-umjetne-inteligencije-i-jacanja-digitalnih-vjestina-u-javnoj-upravi\/","title":{"rendered":"Odr\u017eana radionica na temu primjene umjetne inteligencije i ja\u010danja digitalnih vje\u0161tina u javnoj upravi"},"content":{"rendered":"<p>Radionica je odr\u017eana 3. i 4. o\u017eujka 2026. godine u prostorijama D\u0160JU-a, s ciljem pru\u017eanja podr\u0161ke dr\u017eavama Zapadnog Balkana i Isto\u010dnog partnerstva u modernizaciji institucionalnih kapaciteta njihovih uprava i praksi upravljanja, istovremeno uspostavljaju\u0107i zajedni\u010dko razumijevanje spremnosti za primjenu UI-ja kao bitne komponente u\u010dinkovite, odgovorne i budu\u0107nosti usmjerene javne uprave.<\/p>\n\n\n\n<p>Predstavnike tijela javnih uprava Zapadnog Balkana i Isto\u010dnog partnerstva koji su sudjelovali na radionici uvodno su pozdravili <strong>Bojana Baji\u0107<\/strong>, predstavnica ReSPA-e za podru\u010dje digitalizacije i inovacija, <strong>Ivan Lako\u0161<\/strong>, p. o. ravnatelj Uprave za razvoj digitalnog dru\u0161tva i strate\u0161ko planiranje Ministarstva pravosu\u0111a, uprave i digitalne transformacije te pomo\u0107nica ravnatelja D\u0160JU-a <strong>Valentina Mili\u010di\u0107<\/strong>. U svojim uvodnim rije\u010dima g\u0111a Mili\u010di\u0107 napomenula je kako UI vi\u0161e nije koncept budu\u0107nosti, ve\u0107 jedan od glavnih odlika rukovodstva, koji sa sobom povla\u010di spremnost na promjene, prihva\u0107anje novog i kontinuirano u\u010denje.<\/p>\n\n\n\n<p>Tijekom dvodnevne radionice sudionici su imali priliku \u010duti brojne stru\u010dnjake iz EU, RH i regije koji su naglasili potrebu za ja\u010danjem sposobnosti institucija u prilagodbi digitalnoj transformaciji uz odr\u017eavanje temeljnih javnih vrijednosti poput zakonitosti, transparentnosti, odgovornosti i kvalitete javnih usluga. Predstavnica UNESCO-a i Sveu\u010dili\u0161ta u Oxfordu<strong> Anne-Lise Tan<\/strong> predstavila je UNESCO-ov <em>Okvir kompetencija za umjetnu inteligenciju<\/em>, strate\u0161ki alat za planiranje radne snage i institucionalni razvoj te pojasnila razliku izme\u0111u vje\u0161tina UI na razini korisnika, analiti\u010dkih sposobnosti te upravlja\u010dkih i liderskih kompetencija. Ujedno je predstavila <a href=\"https:\/\/www.dsju.hr\/en\/novosti-i-objave\/novosti\/unesco-i-oxford-pokrecu-besplatni-e-tecaj-o-umjetnoj-inteligenciji\/\"><strong>e-te\u010daj \u201cAI and Digital Transformation in Governnment\u201c<\/strong><\/a>, koji je izra\u0111en u suradnji UNESCO-a i Sa\u00efd Business School Sveu\u010dili\u0161ta u Oxfordu, s ciljem osna\u017eivanja dr\u017eavnih slu\u017ebenika i \u010delnika javnog sektora u promjenjivom okru\u017eenju UI-ja i digitalne transformacije.<\/p>\n\n\n\n<p><strong>Pavel Ivanov<\/strong>, izvr\u0161ni direktor bugarskog Instituta za javnu upravu (IPA), govorio je o metodologiji spremnosti za UI i institucionalne samoprocjene te predstavio rezultate istra\u017eivanja Indeksa umjetne inteligencije u bugarskoj javnoj upravi. Istaknuo je kako povezivanjem organizacijskih kapaciteta, upravlja\u010dkih aran\u017emana, spremnosti podataka i razvoja vje\u0161tina, ova metodologija omogu\u0107uje institucijama identificiranje realnih prioriteta, mjerenje napretka i dono\u0161enje informiranih strate\u0161kih odluka o upravljanju UI-jem i ulaganjima u izgradnju potrebnih kapaciteta.<\/p>\n\n\n\n<p><strong>Marija Grga<\/strong>, voditeljica Slu\u017ebe za me\u0111unarodnu suradnju i projekte u D\u0160JU-u, predstavila je rezultate <a href=\"https:\/\/www.dsju.hr\/en\/novosti-i-objave\/novosti\/istrazivanje-o-spremnosti-drzavnih-tijela-rh-za-uvodenje-i-primjenu-sustava-umjetne-inteligencije-ui-te-potrebama-za-izobrazbom-u-podrucju-ui\/\"><strong>Indeksa umjetne inteligencije za javnu upravu RH<\/strong><\/a>, naglasiv\u0161i kako procjena temeljena na dokazima zna\u010dajno doprinosi provedbi institucionalne reforme i ciljanim ulaganjima u izgradnju kapaciteta, posebice kompetencija javnih slu\u017ebenika u podru\u010dju umjetne inteligencije, kao i u kori\u0161tenju UI-ja za u\u010denje i razvoj.<\/p>\n\n\n\n<p><strong>Francesca Gr\u017eini\u0107 Kuljanac<\/strong> iz Udruge gradova predstavila je rezultate istra\u017eivanja o spremnosti za UI u jedinicama lokalne i regionalne samouprave RH, pri \u010demu je istaknula kako se JLPS-i trenutno nalaze u fazi svijesti i oprezne otvorenosti spram UI-ja i po\u010detnih individualnih provedbi, no uz nedostatak institucionalne strategije. Ujedno pokazuju spremnost za modernizaciju te sna\u017enu potrebu za etikom, nadzorom i transparentno\u0161\u0107u, kao i za obrazovanjem i strate\u0161kim vodstvom.<\/p>\n\n\n\n<p>Predstavnici Uprave za digitalno gospodarstvo Ministarstva pravosu\u0111a, javne uprave i digitalne transformacije <strong>Renato Cobal<\/strong>, voditelj Slu\u017ebe za infrastrukturu digitalnih inovacija u gospodarstvu i <strong>Ivana Nagy<\/strong>, na\u010delnica Sektora za digitalno gospodarstvo, govorili su o zakonodavnom i strate\u0161kom okviru za razvoj i primjenu UI-ja u RH. Kao jedne od glavnih izazova u razvoju i primjeni UI-ja u RH g. Cobal istaknuo je horizontalnu pravnu slo\u017eenost, odabir u\u010dinkovitog modela upravljanja (centraliziranog, sektorskog ili hibridnog), nedostatak kapaciteta te potrebu za multidisciplinarnom ekspertizom u procjeni rizika UI-ja. G\u0111a Nagy u svojem je izlaganju naglasila kako UI ne\u0107e ukinuti radna mjesta, ali \u0107e transformirati zadatke, pri \u010demu javna uprava mora voditi primjerom.<\/p>\n\n\n\n<p>Pomo\u0107nica glavnog revizora Dr\u017eavnog ureda za reviziju Republike Hrvatske <strong>Lidija Pernar<\/strong> predstavila je primjer integracije UI-ja u revizijske procese koje provodi Dr\u017eavni ured za reviziju, s naglaskom na eti\u010dku i odgovornu upotrebu alata UI.<\/p>\n\n\n\n<p>Primjere izgradnje UI kompetencija javnih slu\u017ebenika i kori\u0161tenja UI-ja za u\u010denje i razvoj u D\u0160JU-u predstavili su <strong>dr. sc. Mihael Mi\u0161o Mudri\u0107<\/strong> s Pravnog fakulteta Sveu\u010dili\u0161ta u Zagrebu i predava\u010d u D\u0160JU-u te direktor Centra za razvoj digitalnih platformi, Infodom d.o.o. <strong>Lovro Krpan<\/strong>, koji je predstavio alat koji je D\u0160JU razvila kao podr\u0161ku aktivnostima obuke i razvoja D\u0160JU-a.<\/p>\n\n\n\n<p>U prakti\u010dnom dijelu radionice sudionici su u grupama radili na pilotnim samoprocjenama spremnosti za umjetnu inteligenciju, identificirali institucionalne i regionalne nedostatke UI i digitalnih vje\u0161tina te razradili prioritete u podru\u010dju primjene UI-ja u javnim upravama Zapadnog Balkana i Isto\u010dnog partnerstva.<\/p>\n\n\n\n<p>Tijekom 2026. godine D\u0160JU nastavlja s odr\u017eavanjem regionalnih doga\u0111anja i aktivnosti s ciljem podizanja svijesti o izazovima i prilikama koje pru\u017ea umjetna inteligencija, a posebice o va\u017enosti adekvatnih programa izobrazbe za sigurnu, eti\u010dku i odgovornu upotrebu UI alata u javnoj upravi.<\/p>","protected":false},"excerpt":{"rendered":"<p>Dr\u017eavna \u0161kola za javnu upravu (D\u0160JU), u suradnji s Regionalnom \u0161kolom za javnu upravu (ReSPA) te uz stru\u010dni doprinos UNESCO-a, organizirala je dvodnevnu radionicu na temu primjene umjetne inteligencije (UI) i ja\u010danja digitalnih vje\u0161tina u javnoj upravi.<\/p>","protected":false},"author":1,"featured_media":15998,"comment_status":"closed","ping_status":"closed","sticky":false,"template":"","format":"standard","meta":{"_acf_changed":false,"_tec_requires_first_save":true,"inline_featured_image":false,"_EventAllDay":false,"_EventTimezone":"","_EventStartDate":"","_EventEndDate":"","_EventStartDateUTC":"","_EventEndDateUTC":"","_EventShowMap":false,"_EventShowMapLink":false,"_EventURL":"","_EventCost":"","_EventCostDescription":"","_EventCurrencySymbol":"","_EventCurrencyCode":"","_EventCurrencyPosition":"","_EventDateTimeSeparator":"","_EventTimeRangeSeparator":"","_EventOrganizerID":[],"_EventVenueID":[],"_OrganizerEmail":"","_OrganizerPhone":"","_OrganizerWebsite":"","_VenueAddress":"","_VenueCity":"","_VenueCountry":"","_VenueProvince":"","_VenueState":"","_VenueZip":"","_VenuePhone":"","_VenueURL":"","_VenueStateProvince":"","_VenueLat":"","_VenueLng":"","_VenueShowMap":false,"_VenueShowMapLink":false,"_tribe_blocks_recurrence_rules":"","_tribe_blocks_recurrence_description":"","_tribe_blocks_recurrence_exclusions":"","footnotes":""},"categories":[39,16],"tags":[],"class_list":["post-15997","post","type-post","status-publish","format-standard","has-post-thumbnail","hentry","category-medunarodna-suradnja","category-novosti"],"acf":[],"yoast_head":"<!-- This site is optimized with the Yoast SEO plugin v23.4 - https:\/\/yoast.com\/wordpress\/plugins\/seo\/ -->\n<title>Odr\u017eana radionica na temu primjene umjetne inteligencije i ja\u010danja digitalnih vje\u0161tina u javnoj upravi - Dr\u017eavna \u0161kola za javnu upravu<\/title>\n<meta name=\"robots\" content=\"index, follow, max-snippet:-1, max-image-preview:large, max-video-preview:-1\" \/>\n<link rel=\"canonical\" href=\"https:\/\/www.dsju.hr\/en\/medunarodna-suradnja-i-projekti\/medunarodna-suradnja\/odrzana-radionica-na-temu-primjene-umjetne-inteligencije-i-jacanja-digitalnih-vjestina-u-javnoj-upravi\/\" \/>\n<meta property=\"og:locale\" content=\"en_GB\" \/>\n<meta property=\"og:type\" content=\"article\" \/>\n<meta property=\"og:title\" content=\"Odr\u017eana radionica na temu primjene umjetne inteligencije i ja\u010danja digitalnih vje\u0161tina u javnoj upravi - Dr\u017eavna \u0161kola za javnu upravu\" \/>\n<meta property=\"og:description\" content=\"Dr\u017eavna \u0161kola za javnu upravu (D\u0160JU), u suradnji s Regionalnom \u0161kolom za javnu upravu (ReSPA) te uz stru\u010dni doprinos UNESCO-a, organizirala je dvodnevnu radionicu na temu primjene umjetne inteligencije (UI) i ja\u010danja digitalnih vje\u0161tina u javnoj upravi.\" \/>\n<meta property=\"og:url\" content=\"https:\/\/www.dsju.hr\/en\/medunarodna-suradnja-i-projekti\/medunarodna-suradnja\/odrzana-radionica-na-temu-primjene-umjetne-inteligencije-i-jacanja-digitalnih-vjestina-u-javnoj-upravi\/\" \/>\n<meta property=\"og:site_name\" content=\"Dr\u017eavna \u0161kola za javnu upravu\" \/>\n<meta property=\"article:published_time\" content=\"2026-03-04T14:14:12+00:00\" \/>\n<meta property=\"article:modified_time\" content=\"2026-03-05T15:00:40+00:00\" \/>\n<meta property=\"og:image\" content=\"https:\/\/www.dsju.hr\/wp-content\/uploads\/2026\/03\/AI1-scaled.jpg\" \/>\n\t<meta property=\"og:image:width\" content=\"2560\" \/>\n\t<meta property=\"og:image:height\" content=\"1920\" \/>\n\t<meta property=\"og:image:type\" content=\"image\/jpeg\" \/>\n<meta name=\"author\" content=\"DsjuAdmin\" \/>\n<meta name=\"twitter:card\" content=\"summary_large_image\" \/>\n<meta name=\"twitter:label1\" content=\"Written by\" \/>\n\t<meta name=\"twitter:data1\" content=\"DsjuAdmin\" \/>\n\t<meta name=\"twitter:label2\" content=\"Estimated reading time\" \/>\n\t<meta name=\"twitter:data2\" content=\"4 minutes\" \/>\n<script type=\"application\/ld+json\" class=\"yoast-schema-graph\">{\"@context\":\"https:\/\/schema.org\",\"@graph\":[{\"@type\":\"Article\",\"@id\":\"https:\/\/www.dsju.hr\/medunarodna-suradnja-i-projekti\/medunarodna-suradnja\/odrzana-radionica-na-temu-primjene-umjetne-inteligencije-i-jacanja-digitalnih-vjestina-u-javnoj-upravi\/#article\",\"isPartOf\":{\"@id\":\"https:\/\/www.dsju.hr\/medunarodna-suradnja-i-projekti\/medunarodna-suradnja\/odrzana-radionica-na-temu-primjene-umjetne-inteligencije-i-jacanja-digitalnih-vjestina-u-javnoj-upravi\/\"},\"author\":{\"name\":\"DsjuAdmin\",\"@id\":\"https:\/\/www.dsju.hr\/#\/schema\/person\/c396e83622c42e65c45c4d73d731665f\"},\"headline\":\"Odr\u017eana radionica na temu primjene umjetne inteligencije i ja\u010danja digitalnih vje\u0161tina u javnoj upravi\",\"datePublished\":\"2026-03-04T14:14:12+00:00\",\"dateModified\":\"2026-03-05T15:00:40+00:00\",\"mainEntityOfPage\":{\"@id\":\"https:\/\/www.dsju.hr\/medunarodna-suradnja-i-projekti\/medunarodna-suradnja\/odrzana-radionica-na-temu-primjene-umjetne-inteligencije-i-jacanja-digitalnih-vjestina-u-javnoj-upravi\/\"},\"wordCount\":837,\"publisher\":{\"@id\":\"https:\/\/www.dsju.hr\/#organization\"},\"image\":{\"@id\":\"https:\/\/www.dsju.hr\/medunarodna-suradnja-i-projekti\/medunarodna-suradnja\/odrzana-radionica-na-temu-primjene-umjetne-inteligencije-i-jacanja-digitalnih-vjestina-u-javnoj-upravi\/#primaryimage\"},\"thumbnailUrl\":\"https:\/\/www.dsju.hr\/wp-content\/uploads\/2026\/03\/AI1-scaled.jpg\",\"articleSection\":[\"Me\u0111unarodna suradnja\",\"Novosti\"],\"inLanguage\":\"en-GB\"},{\"@type\":\"WebPage\",\"@id\":\"https:\/\/www.dsju.hr\/medunarodna-suradnja-i-projekti\/medunarodna-suradnja\/odrzana-radionica-na-temu-primjene-umjetne-inteligencije-i-jacanja-digitalnih-vjestina-u-javnoj-upravi\/\",\"url\":\"https:\/\/www.dsju.hr\/medunarodna-suradnja-i-projekti\/medunarodna-suradnja\/odrzana-radionica-na-temu-primjene-umjetne-inteligencije-i-jacanja-digitalnih-vjestina-u-javnoj-upravi\/\",\"name\":\"Odr\u017eana radionica na temu primjene umjetne inteligencije i ja\u010danja digitalnih vje\u0161tina u javnoj upravi - Dr\u017eavna \u0161kola za javnu upravu\",\"isPartOf\":{\"@id\":\"https:\/\/www.dsju.hr\/#website\"},\"primaryImageOfPage\":{\"@id\":\"https:\/\/www.dsju.hr\/medunarodna-suradnja-i-projekti\/medunarodna-suradnja\/odrzana-radionica-na-temu-primjene-umjetne-inteligencije-i-jacanja-digitalnih-vjestina-u-javnoj-upravi\/#primaryimage\"},\"image\":{\"@id\":\"https:\/\/www.dsju.hr\/medunarodna-suradnja-i-projekti\/medunarodna-suradnja\/odrzana-radionica-na-temu-primjene-umjetne-inteligencije-i-jacanja-digitalnih-vjestina-u-javnoj-upravi\/#primaryimage\"},\"thumbnailUrl\":\"https:\/\/www.dsju.hr\/wp-content\/uploads\/2026\/03\/AI1-scaled.jpg\",\"datePublished\":\"2026-03-04T14:14:12+00:00\",\"dateModified\":\"2026-03-05T15:00:40+00:00\",\"inLanguage\":\"en-GB\",\"potentialAction\":[{\"@type\":\"ReadAction\",\"target\":[\"https:\/\/www.dsju.hr\/medunarodna-suradnja-i-projekti\/medunarodna-suradnja\/odrzana-radionica-na-temu-primjene-umjetne-inteligencije-i-jacanja-digitalnih-vjestina-u-javnoj-upravi\/\"]}]},{\"@type\":\"ImageObject\",\"inLanguage\":\"en-GB\",\"@id\":\"https:\/\/www.dsju.hr\/medunarodna-suradnja-i-projekti\/medunarodna-suradnja\/odrzana-radionica-na-temu-primjene-umjetne-inteligencije-i-jacanja-digitalnih-vjestina-u-javnoj-upravi\/#primaryimage\",\"url\":\"https:\/\/www.dsju.hr\/wp-content\/uploads\/2026\/03\/AI1-scaled.jpg\",\"contentUrl\":\"https:\/\/www.dsju.hr\/wp-content\/uploads\/2026\/03\/AI1-scaled.jpg\",\"width\":2560,\"height\":1920},{\"@type\":\"WebSite\",\"@id\":\"https:\/\/www.dsju.hr\/#website\",\"url\":\"https:\/\/www.dsju.hr\/\",\"name\":\"Dr\u017eavna \u0161kola za javnu upravu\",\"description\":\"\",\"publisher\":{\"@id\":\"https:\/\/www.dsju.hr\/#organization\"},\"potentialAction\":[{\"@type\":\"SearchAction\",\"target\":{\"@type\":\"EntryPoint\",\"urlTemplate\":\"https:\/\/www.dsju.hr\/?s={search_term_string}\"},\"query-input\":{\"@type\":\"PropertyValueSpecification\",\"valueRequired\":true,\"valueName\":\"search_term_string\"}}],\"inLanguage\":\"en-GB\"},{\"@type\":\"Organization\",\"@id\":\"https:\/\/www.dsju.hr\/#organization\",\"name\":\"Dr\u017eavna \u0161kola za javnu upravu\",\"url\":\"https:\/\/www.dsju.hr\/\",\"logo\":{\"@type\":\"ImageObject\",\"inLanguage\":\"en-GB\",\"@id\":\"https:\/\/www.dsju.hr\/#\/schema\/logo\/image\/\",\"url\":\"https:\/\/www.dsju.hr\/wp-content\/uploads\/2023\/01\/DSJU_logo_white.png\",\"contentUrl\":\"https:\/\/www.dsju.hr\/wp-content\/uploads\/2023\/01\/DSJU_logo_white.png\",\"width\":501,\"height\":182,\"caption\":\"Dr\u017eavna \u0161kola za javnu upravu\"},\"image\":{\"@id\":\"https:\/\/www.dsju.hr\/#\/schema\/logo\/image\/\"}},{\"@type\":\"Person\",\"@id\":\"https:\/\/www.dsju.hr\/#\/schema\/person\/c396e83622c42e65c45c4d73d731665f\",\"name\":\"DsjuAdmin\",\"image\":{\"@type\":\"ImageObject\",\"inLanguage\":\"en-GB\",\"@id\":\"https:\/\/www.dsju.hr\/#\/schema\/person\/image\/\",\"url\":\"https:\/\/secure.gravatar.com\/avatar\/fe7b4a1d7c2790380222d16766731dba274dc5876c56827326f5bcce7ac94d48?s=96&d=mm&r=g\",\"contentUrl\":\"https:\/\/secure.gravatar.com\/avatar\/fe7b4a1d7c2790380222d16766731dba274dc5876c56827326f5bcce7ac94d48?s=96&d=mm&r=g\",\"caption\":\"DsjuAdmin\"},\"sameAs\":[\"http:\/\/dsju.simetrys.info\"],\"url\":\"https:\/\/www.dsju.hr\/en\/author\/dsjuadmin\/\"}]}<\/script>\n<!-- \/ Yoast SEO plugin. -->","yoast_head_json":{"title":"Odr\u017eana radionica na temu primjene umjetne inteligencije i ja\u010danja digitalnih vje\u0161tina u javnoj upravi - Dr\u017eavna \u0161kola za javnu upravu","robots":{"index":"index","follow":"follow","max-snippet":"max-snippet:-1","max-image-preview":"max-image-preview:large","max-video-preview":"max-video-preview:-1"},"canonical":"https:\/\/www.dsju.hr\/en\/medunarodna-suradnja-i-projekti\/medunarodna-suradnja\/odrzana-radionica-na-temu-primjene-umjetne-inteligencije-i-jacanja-digitalnih-vjestina-u-javnoj-upravi\/","og_locale":"en_GB","og_type":"article","og_title":"Odr\u017eana radionica na temu primjene umjetne inteligencije i ja\u010danja digitalnih vje\u0161tina u javnoj upravi - Dr\u017eavna \u0161kola za javnu upravu","og_description":"Dr\u017eavna \u0161kola za javnu upravu (D\u0160JU), u suradnji s Regionalnom \u0161kolom za javnu upravu (ReSPA) te uz stru\u010dni doprinos UNESCO-a, organizirala je dvodnevnu radionicu na temu primjene umjetne inteligencije (UI) i ja\u010danja digitalnih vje\u0161tina u javnoj upravi.","og_url":"https:\/\/www.dsju.hr\/en\/medunarodna-suradnja-i-projekti\/medunarodna-suradnja\/odrzana-radionica-na-temu-primjene-umjetne-inteligencije-i-jacanja-digitalnih-vjestina-u-javnoj-upravi\/","og_site_name":"Dr\u017eavna \u0161kola za javnu upravu","article_published_time":"2026-03-04T14:14:12+00:00","article_modified_time":"2026-03-05T15:00:40+00:00","og_image":[{"width":2560,"height":1920,"url":"https:\/\/www.dsju.hr\/wp-content\/uploads\/2026\/03\/AI1-scaled.jpg","type":"image\/jpeg"}],"author":"DsjuAdmin","twitter_card":"summary_large_image","twitter_misc":{"Written by":"DsjuAdmin","Estimated reading time":"4 minutes"},"schema":{"@context":"https:\/\/schema.org","@graph":[{"@type":"Article","@id":"https:\/\/www.dsju.hr\/medunarodna-suradnja-i-projekti\/medunarodna-suradnja\/odrzana-radionica-na-temu-primjene-umjetne-inteligencije-i-jacanja-digitalnih-vjestina-u-javnoj-upravi\/#article","isPartOf":{"@id":"https:\/\/www.dsju.hr\/medunarodna-suradnja-i-projekti\/medunarodna-suradnja\/odrzana-radionica-na-temu-primjene-umjetne-inteligencije-i-jacanja-digitalnih-vjestina-u-javnoj-upravi\/"},"author":{"name":"DsjuAdmin","@id":"https:\/\/www.dsju.hr\/#\/schema\/person\/c396e83622c42e65c45c4d73d731665f"},"headline":"Odr\u017eana radionica na temu primjene umjetne inteligencije i ja\u010danja digitalnih vje\u0161tina u javnoj upravi","datePublished":"2026-03-04T14:14:12+00:00","dateModified":"2026-03-05T15:00:40+00:00","mainEntityOfPage":{"@id":"https:\/\/www.dsju.hr\/medunarodna-suradnja-i-projekti\/medunarodna-suradnja\/odrzana-radionica-na-temu-primjene-umjetne-inteligencije-i-jacanja-digitalnih-vjestina-u-javnoj-upravi\/"},"wordCount":837,"publisher":{"@id":"https:\/\/www.dsju.hr\/#organization"},"image":{"@id":"https:\/\/www.dsju.hr\/medunarodna-suradnja-i-projekti\/medunarodna-suradnja\/odrzana-radionica-na-temu-primjene-umjetne-inteligencije-i-jacanja-digitalnih-vjestina-u-javnoj-upravi\/#primaryimage"},"thumbnailUrl":"https:\/\/www.dsju.hr\/wp-content\/uploads\/2026\/03\/AI1-scaled.jpg","articleSection":["Me\u0111unarodna suradnja","Novosti"],"inLanguage":"en-GB"},{"@type":"WebPage","@id":"https:\/\/www.dsju.hr\/medunarodna-suradnja-i-projekti\/medunarodna-suradnja\/odrzana-radionica-na-temu-primjene-umjetne-inteligencije-i-jacanja-digitalnih-vjestina-u-javnoj-upravi\/","url":"https:\/\/www.dsju.hr\/medunarodna-suradnja-i-projekti\/medunarodna-suradnja\/odrzana-radionica-na-temu-primjene-umjetne-inteligencije-i-jacanja-digitalnih-vjestina-u-javnoj-upravi\/","name":"Odr\u017eana radionica na temu primjene umjetne inteligencije i ja\u010danja digitalnih vje\u0161tina u javnoj upravi - Dr\u017eavna \u0161kola za javnu upravu","isPartOf":{"@id":"https:\/\/www.dsju.hr\/#website"},"primaryImageOfPage":{"@id":"https:\/\/www.dsju.hr\/medunarodna-suradnja-i-projekti\/medunarodna-suradnja\/odrzana-radionica-na-temu-primjene-umjetne-inteligencije-i-jacanja-digitalnih-vjestina-u-javnoj-upravi\/#primaryimage"},"image":{"@id":"https:\/\/www.dsju.hr\/medunarodna-suradnja-i-projekti\/medunarodna-suradnja\/odrzana-radionica-na-temu-primjene-umjetne-inteligencije-i-jacanja-digitalnih-vjestina-u-javnoj-upravi\/#primaryimage"},"thumbnailUrl":"https:\/\/www.dsju.hr\/wp-content\/uploads\/2026\/03\/AI1-scaled.jpg","datePublished":"2026-03-04T14:14:12+00:00","dateModified":"2026-03-05T15:00:40+00:00","inLanguage":"en-GB","potentialAction":[{"@type":"ReadAction","target":["https:\/\/www.dsju.hr\/medunarodna-suradnja-i-projekti\/medunarodna-suradnja\/odrzana-radionica-na-temu-primjene-umjetne-inteligencije-i-jacanja-digitalnih-vjestina-u-javnoj-upravi\/"]}]},{"@type":"ImageObject","inLanguage":"en-GB","@id":"https:\/\/www.dsju.hr\/medunarodna-suradnja-i-projekti\/medunarodna-suradnja\/odrzana-radionica-na-temu-primjene-umjetne-inteligencije-i-jacanja-digitalnih-vjestina-u-javnoj-upravi\/#primaryimage","url":"https:\/\/www.dsju.hr\/wp-content\/uploads\/2026\/03\/AI1-scaled.jpg","contentUrl":"https:\/\/www.dsju.hr\/wp-content\/uploads\/2026\/03\/AI1-scaled.jpg","width":2560,"height":1920},{"@type":"WebSite","@id":"https:\/\/www.dsju.hr\/#website","url":"https:\/\/www.dsju.hr\/","name":"National School for Public Administration","description":"","publisher":{"@id":"https:\/\/www.dsju.hr\/#organization"},"potentialAction":[{"@type":"SearchAction","target":{"@type":"EntryPoint","urlTemplate":"https:\/\/www.dsju.hr\/?s={search_term_string}"},"query-input":{"@type":"PropertyValueSpecification","valueRequired":true,"valueName":"search_term_string"}}],"inLanguage":"en-GB"},{"@type":"Organization","@id":"https:\/\/www.dsju.hr\/#organization","name":"National School for Public Administration","url":"https:\/\/www.dsju.hr\/","logo":{"@type":"ImageObject","inLanguage":"en-GB","@id":"https:\/\/www.dsju.hr\/#\/schema\/logo\/image\/","url":"https:\/\/www.dsju.hr\/wp-content\/uploads\/2023\/01\/DSJU_logo_white.png","contentUrl":"https:\/\/www.dsju.hr\/wp-content\/uploads\/2023\/01\/DSJU_logo_white.png","width":501,"height":182,"caption":"Dr\u017eavna \u0161kola za javnu upravu"},"image":{"@id":"https:\/\/www.dsju.hr\/#\/schema\/logo\/image\/"}},{"@type":"Person","@id":"https:\/\/www.dsju.hr\/#\/schema\/person\/c396e83622c42e65c45c4d73d731665f","name":"DsjuAdmin","image":{"@type":"ImageObject","inLanguage":"en-GB","@id":"https:\/\/www.dsju.hr\/#\/schema\/person\/image\/","url":"https:\/\/secure.gravatar.com\/avatar\/fe7b4a1d7c2790380222d16766731dba274dc5876c56827326f5bcce7ac94d48?s=96&d=mm&r=g","contentUrl":"https:\/\/secure.gravatar.com\/avatar\/fe7b4a1d7c2790380222d16766731dba274dc5876c56827326f5bcce7ac94d48?s=96&d=mm&r=g","caption":"DsjuAdmin"},"sameAs":["http:\/\/dsju.simetrys.info"],"url":"https:\/\/www.dsju.hr\/en\/author\/dsjuadmin\/"}]}},"_links":{"self":[{"href":"https:\/\/www.dsju.hr\/en\/wp-json\/wp\/v2\/posts\/15997","targetHints":{"allow":["GET"]}}],"collection":[{"href":"https:\/\/www.dsju.hr\/en\/wp-json\/wp\/v2\/posts"}],"about":[{"href":"https:\/\/www.dsju.hr\/en\/wp-json\/wp\/v2\/types\/post"}],"author":[{"embeddable":true,"href":"https:\/\/www.dsju.hr\/en\/wp-json\/wp\/v2\/users\/1"}],"replies":[{"embeddable":true,"href":"https:\/\/www.dsju.hr\/en\/wp-json\/wp\/v2\/comments?post=15997"}],"version-history":[{"count":2,"href":"https:\/\/www.dsju.hr\/en\/wp-json\/wp\/v2\/posts\/15997\/revisions"}],"predecessor-version":[{"id":16013,"href":"https:\/\/www.dsju.hr\/en\/wp-json\/wp\/v2\/posts\/15997\/revisions\/16013"}],"wp:featuredmedia":[{"embeddable":true,"href":"https:\/\/www.dsju.hr\/en\/wp-json\/wp\/v2\/media\/15998"}],"wp:attachment":[{"href":"https:\/\/www.dsju.hr\/en\/wp-json\/wp\/v2\/media?parent=15997"}],"wp:term":[{"taxonomy":"category","embeddable":true,"href":"https:\/\/www.dsju.hr\/en\/wp-json\/wp\/v2\/categories?post=15997"},{"taxonomy":"post_tag","embeddable":true,"href":"https:\/\/www.dsju.hr\/en\/wp-json\/wp\/v2\/tags?post=15997"}],"curies":[{"name":"wp","href":"https:\/\/api.w.org\/{rel}","templated":true}]}}