{"id":15967,"date":"2026-02-18T12:24:13","date_gmt":"2026-02-18T11:24:13","guid":{"rendered":"https:\/\/www.dsju.hr\/?p=15967"},"modified":"2026-02-19T09:18:11","modified_gmt":"2026-02-19T08:18:11","slug":"svecano-otvaranje-13-generacije-sveucilisnog-specijalistickog-studija-menadzment-u-javnom-sektoru-ekonomskog-fakulteta-sveucilista-u-rijeci","status":"publish","type":"post","link":"https:\/\/www.dsju.hr\/en\/novosti-i-objave\/novosti\/svecano-otvaranje-13-generacije-sveucilisnog-specijalistickog-studija-menadzment-u-javnom-sektoru-ekonomskog-fakulteta-sveucilista-u-rijeci\/","title":{"rendered":"Poziv na sve\u010dano otvaranje 13. generacije sveu\u010dili\u0161nog specijalisti\u010dkog studija Menad\u017ement u javnom sektoru Ekonomskog fakulteta Sveu\u010dili\u0161ta u Rijeci"},"content":{"rendered":"<p>Panel otvara klju\u010dnu raspravu o tranziciji hrvatskog javnog sektora u kontekstu aktualne pozicije Republike Hrvatske unutar Europske unije, procesa pristupanja OECD-u te ubrzanih globalnih tehnolo\u0161kih i geopoliti\u010dkih promjena. U fokusu je pitanje kako javne institucije mogu istodobno osigurati fiskalnu stabilnost, me\u0111unarodnu konkurentnost i institucionalnu modernizaciju. Sudionici panela raspravljat \u0107e o izazovima upravljanja javnim financijama u uvjetima promijenjene europske fiskalne arhitekture, ulozi porezne politike u ja\u010danju investicijske atraktivnosti te o va\u017enosti uskla\u0111ivanja doma\u0107ih standarda upravljanja s OECD na\u010delima transparentnosti, u\u010dinkovitosti i odgovornosti. Poseban naglasak bit \u0107e stavljen na utjecaj umjetne inteligencije i digitalnih inovacija na transformaciju javne uprave \u2013 od upravljanja dr\u017eavnom riznicom i poreznim sustavom do oblikovanja strate\u0161kih gospodarskih politika. Panel \u0107e tako\u0111er otvoriti pitanje obrazovanja i razvoja kompetencija nove generacije menad\u017eera u javnom sektoru, koji moraju kombinirati fiskalnu disciplinu, me\u0111unarodno razumijevanje i tehnolo\u0161ku pismenost. Ova rasprava predstavlja konceptualni uvod u novu paradigmu upravljanja javnim sektorom \u2013 onu koja povezuje stabilnost, inovacije i strate\u0161ko vodstvo u slu\u017ebi dugoro\u010dnog razvoja.<\/p>\n\n\n\n<p>Panelisti:<\/p>\n\n\n\n<ul class=\"wp-block-list\">\n<li><strong>Danijela Stepi\u0107<\/strong>, glavna dr\u017eavna rizni\u010darka Ministarstva financija<\/li>\n\n\n\n<li><strong>Bo\u017eidar Kutle\u0161a<\/strong>, ravnatelj Porezne uprave Ministarstva financija<\/li>\n\n\n\n<li><strong>Zdenko Luci\u0107<\/strong>, dr\u017eavni tajnik, Ministarstvo vanjskih i europskih poslova<\/li>\n\n\n\n<li><strong>Zvonimir Savi\u0107<\/strong>, posebni savjetnik predsjednika Vlade RH za ekonomiju<\/li>\n<\/ul>\n\n\n\n<p><\/p>\n\n\n\n<p>Moderator: <strong>Sa\u0161a Drezgi\u0107<\/strong>, dekan EFRI, voditelj SSS Menad\u017ement u javnom sektoru<\/p>\n\n\n\n<p>Sve\u010dano otvaranje \u0107e se odr\u017eati <strong>23. velja\u010de 2026.<\/strong> <strong>u dvorani Kupa<\/strong> Dr\u017eavne \u0161kole za javnu upravu, <strong>Meduli\u0107eva 36, Zagreb, od 17 do 18 sati<\/strong>.<\/p>\n\n\n\n<p>Ekonomski fakultet Sveu\u010dili\u0161ta u Rijeci poziva sve zainteresirane koji su u mogu\u0107nosti sudjelovati da svoj dolazak potvrde <strong>do petka, 20. velja\u010de 2026<\/strong>., e-mailom na adresu: <strong><a href=\"mailto:ticiana.musul.ticac@uniri.hr\">ticiana.musul.ticac@uniri.hr<\/a><\/strong><\/p>\n\n\n\n<p>Sveu\u010dili\u0161ni specijalisti\u010dki studij \u201eMenad\u017ement u javnom sektoru\u201c namijenjen je svima koji \u017eele unaprijediti svoje znanje i sposobnosti u podru\u010dju javnog upravljanja, a omogu\u0107ava interdisciplinarnu perspektivu na \u010ditav spektar djelatnosti i aktivnosti u okviru javnog sektora s fokusom na projektni pristup kako bi osposobio polaznike za uspje\u0161no rje\u0161avanje dana\u0161njih kompleksnih problema u praksi i omogu\u0107io razumijevanje sustava.<\/p>\n\n\n\n<p>Studij je pokrenut 2006. godine, upravo s ciljem razvoja stru\u010dnih i upravlja\u010dkih kompetencija zaposlenika u javnom sektoru te ja\u010danja u\u010dinkovitosti, transparentnosti i kvalitete upravljanja javnim resursima. Navedena misija i danas predstavlja temelj programa, koji se kontinuirano unaprje\u0111uje i sadr\u017eajno dora\u0111uje sukladno promjenama u zakonodavnom i institucionalnom okviru te novonastalim zahtjevima i izazovima javnog sektora.<\/p>","protected":false},"excerpt":{"rendered":"<p>Povodom otvaranja studija, u Dr\u017eavnoj \u0161koli za javnu upravu \u0107e se 23. velja\u010de 2026. odr\u017eati panel rasprava na temu <b>\u201eTransformacija javnog sektora: europska integracija, OECD standardi i umjetna inteligencija kao temelj nove generacije upravljanja&#8221;.<\/b><\/p>","protected":false},"author":1,"featured_media":15968,"comment_status":"closed","ping_status":"closed","sticky":false,"template":"","format":"standard","meta":{"_acf_changed":false,"_tec_requires_first_save":true,"inline_featured_image":false,"_EventAllDay":false,"_EventTimezone":"","_EventStartDate":"","_EventEndDate":"","_EventStartDateUTC":"","_EventEndDateUTC":"","_EventShowMap":false,"_EventShowMapLink":false,"_EventURL":"","_EventCost":"","_EventCostDescription":"","_EventCurrencySymbol":"","_EventCurrencyCode":"","_EventCurrencyPosition":"","_EventDateTimeSeparator":"","_EventTimeRangeSeparator":"","_EventOrganizerID":[],"_EventVenueID":[],"_OrganizerEmail":"","_OrganizerPhone":"","_OrganizerWebsite":"","_VenueAddress":"","_VenueCity":"","_VenueCountry":"","_VenueProvince":"","_VenueState":"","_VenueZip":"","_VenuePhone":"","_VenueURL":"","_VenueStateProvince":"","_VenueLat":"","_VenueLng":"","_VenueShowMap":false,"_VenueShowMapLink":false,"_tribe_blocks_recurrence_rules":"","_tribe_blocks_recurrence_description":"","_tribe_blocks_recurrence_exclusions":"","footnotes":""},"categories":[16],"tags":[],"class_list":["post-15967","post","type-post","status-publish","format-standard","has-post-thumbnail","hentry","category-novosti"],"acf":[],"yoast_head":"<!-- This site is optimized with the Yoast SEO plugin v23.4 - https:\/\/yoast.com\/wordpress\/plugins\/seo\/ -->\n<title>Poziv na sve\u010dano otvaranje 13. generacije sveu\u010dili\u0161nog specijalisti\u010dkog studija Menad\u017ement u javnom sektoru Ekonomskog fakulteta Sveu\u010dili\u0161ta u Rijeci - Dr\u017eavna \u0161kola za javnu upravu<\/title>\n<meta name=\"robots\" content=\"index, follow, max-snippet:-1, max-image-preview:large, max-video-preview:-1\" \/>\n<link rel=\"canonical\" href=\"https:\/\/www.dsju.hr\/en\/novosti-i-objave\/novosti\/svecano-otvaranje-13-generacije-sveucilisnog-specijalistickog-studija-menadzment-u-javnom-sektoru-ekonomskog-fakulteta-sveucilista-u-rijeci\/\" \/>\n<meta property=\"og:locale\" content=\"en_GB\" \/>\n<meta property=\"og:type\" content=\"article\" \/>\n<meta property=\"og:title\" content=\"Poziv na sve\u010dano otvaranje 13. generacije sveu\u010dili\u0161nog specijalisti\u010dkog studija Menad\u017ement u javnom sektoru Ekonomskog fakulteta Sveu\u010dili\u0161ta u Rijeci - Dr\u017eavna \u0161kola za javnu upravu\" \/>\n<meta property=\"og:description\" content=\"Povodom otvaranja studija, u Dr\u017eavnoj \u0161koli za javnu upravu \u0107e se 23. velja\u010de 2026. odr\u017eati panel rasprava na temu \u201eTransformacija javnog sektora: europska integracija, OECD standardi i umjetna inteligencija kao temelj nove generacije upravljanja&quot;.\" \/>\n<meta property=\"og:url\" content=\"https:\/\/www.dsju.hr\/en\/novosti-i-objave\/novosti\/svecano-otvaranje-13-generacije-sveucilisnog-specijalistickog-studija-menadzment-u-javnom-sektoru-ekonomskog-fakulteta-sveucilista-u-rijeci\/\" \/>\n<meta property=\"og:site_name\" content=\"Dr\u017eavna \u0161kola za javnu upravu\" \/>\n<meta property=\"article:published_time\" content=\"2026-02-18T11:24:13+00:00\" \/>\n<meta property=\"article:modified_time\" content=\"2026-02-19T08:18:11+00:00\" \/>\n<meta property=\"og:image\" content=\"https:\/\/www.dsju.hr\/wp-content\/uploads\/2026\/02\/UNIRI_upisi.jpg\" \/>\n\t<meta property=\"og:image:width\" content=\"1133\" \/>\n\t<meta property=\"og:image:height\" content=\"650\" \/>\n\t<meta property=\"og:image:type\" content=\"image\/jpeg\" \/>\n<meta name=\"author\" content=\"DsjuAdmin\" \/>\n<meta name=\"twitter:card\" content=\"summary_large_image\" \/>\n<meta name=\"twitter:label1\" content=\"Written by\" \/>\n\t<meta name=\"twitter:data1\" content=\"DsjuAdmin\" \/>\n\t<meta name=\"twitter:label2\" content=\"Estimated reading time\" \/>\n\t<meta name=\"twitter:data2\" content=\"2 minutes\" \/>\n<script type=\"application\/ld+json\" class=\"yoast-schema-graph\">{\"@context\":\"https:\/\/schema.org\",\"@graph\":[{\"@type\":\"Article\",\"@id\":\"https:\/\/www.dsju.hr\/novosti-i-objave\/novosti\/svecano-otvaranje-13-generacije-sveucilisnog-specijalistickog-studija-menadzment-u-javnom-sektoru-ekonomskog-fakulteta-sveucilista-u-rijeci\/#article\",\"isPartOf\":{\"@id\":\"https:\/\/www.dsju.hr\/novosti-i-objave\/novosti\/svecano-otvaranje-13-generacije-sveucilisnog-specijalistickog-studija-menadzment-u-javnom-sektoru-ekonomskog-fakulteta-sveucilista-u-rijeci\/\"},\"author\":{\"name\":\"DsjuAdmin\",\"@id\":\"https:\/\/www.dsju.hr\/#\/schema\/person\/c396e83622c42e65c45c4d73d731665f\"},\"headline\":\"Poziv na sve\u010dano otvaranje 13. generacije sveu\u010dili\u0161nog specijalisti\u010dkog studija Menad\u017ement u javnom sektoru Ekonomskog fakulteta Sveu\u010dili\u0161ta u Rijeci\",\"datePublished\":\"2026-02-18T11:24:13+00:00\",\"dateModified\":\"2026-02-19T08:18:11+00:00\",\"mainEntityOfPage\":{\"@id\":\"https:\/\/www.dsju.hr\/novosti-i-objave\/novosti\/svecano-otvaranje-13-generacije-sveucilisnog-specijalistickog-studija-menadzment-u-javnom-sektoru-ekonomskog-fakulteta-sveucilista-u-rijeci\/\"},\"wordCount\":433,\"publisher\":{\"@id\":\"https:\/\/www.dsju.hr\/#organization\"},\"image\":{\"@id\":\"https:\/\/www.dsju.hr\/novosti-i-objave\/novosti\/svecano-otvaranje-13-generacije-sveucilisnog-specijalistickog-studija-menadzment-u-javnom-sektoru-ekonomskog-fakulteta-sveucilista-u-rijeci\/#primaryimage\"},\"thumbnailUrl\":\"https:\/\/www.dsju.hr\/wp-content\/uploads\/2026\/02\/UNIRI_upisi.jpg\",\"articleSection\":[\"Novosti\"],\"inLanguage\":\"en-GB\"},{\"@type\":\"WebPage\",\"@id\":\"https:\/\/www.dsju.hr\/novosti-i-objave\/novosti\/svecano-otvaranje-13-generacije-sveucilisnog-specijalistickog-studija-menadzment-u-javnom-sektoru-ekonomskog-fakulteta-sveucilista-u-rijeci\/\",\"url\":\"https:\/\/www.dsju.hr\/novosti-i-objave\/novosti\/svecano-otvaranje-13-generacije-sveucilisnog-specijalistickog-studija-menadzment-u-javnom-sektoru-ekonomskog-fakulteta-sveucilista-u-rijeci\/\",\"name\":\"Poziv na sve\u010dano otvaranje 13. generacije sveu\u010dili\u0161nog specijalisti\u010dkog studija Menad\u017ement u javnom sektoru Ekonomskog fakulteta Sveu\u010dili\u0161ta u Rijeci - Dr\u017eavna \u0161kola za javnu upravu\",\"isPartOf\":{\"@id\":\"https:\/\/www.dsju.hr\/#website\"},\"primaryImageOfPage\":{\"@id\":\"https:\/\/www.dsju.hr\/novosti-i-objave\/novosti\/svecano-otvaranje-13-generacije-sveucilisnog-specijalistickog-studija-menadzment-u-javnom-sektoru-ekonomskog-fakulteta-sveucilista-u-rijeci\/#primaryimage\"},\"image\":{\"@id\":\"https:\/\/www.dsju.hr\/novosti-i-objave\/novosti\/svecano-otvaranje-13-generacije-sveucilisnog-specijalistickog-studija-menadzment-u-javnom-sektoru-ekonomskog-fakulteta-sveucilista-u-rijeci\/#primaryimage\"},\"thumbnailUrl\":\"https:\/\/www.dsju.hr\/wp-content\/uploads\/2026\/02\/UNIRI_upisi.jpg\",\"datePublished\":\"2026-02-18T11:24:13+00:00\",\"dateModified\":\"2026-02-19T08:18:11+00:00\",\"inLanguage\":\"en-GB\",\"potentialAction\":[{\"@type\":\"ReadAction\",\"target\":[\"https:\/\/www.dsju.hr\/novosti-i-objave\/novosti\/svecano-otvaranje-13-generacije-sveucilisnog-specijalistickog-studija-menadzment-u-javnom-sektoru-ekonomskog-fakulteta-sveucilista-u-rijeci\/\"]}]},{\"@type\":\"ImageObject\",\"inLanguage\":\"en-GB\",\"@id\":\"https:\/\/www.dsju.hr\/novosti-i-objave\/novosti\/svecano-otvaranje-13-generacije-sveucilisnog-specijalistickog-studija-menadzment-u-javnom-sektoru-ekonomskog-fakulteta-sveucilista-u-rijeci\/#primaryimage\",\"url\":\"https:\/\/www.dsju.hr\/wp-content\/uploads\/2026\/02\/UNIRI_upisi.jpg\",\"contentUrl\":\"https:\/\/www.dsju.hr\/wp-content\/uploads\/2026\/02\/UNIRI_upisi.jpg\",\"width\":1133,\"height\":650},{\"@type\":\"WebSite\",\"@id\":\"https:\/\/www.dsju.hr\/#website\",\"url\":\"https:\/\/www.dsju.hr\/\",\"name\":\"Dr\u017eavna \u0161kola za javnu upravu\",\"description\":\"\",\"publisher\":{\"@id\":\"https:\/\/www.dsju.hr\/#organization\"},\"potentialAction\":[{\"@type\":\"SearchAction\",\"target\":{\"@type\":\"EntryPoint\",\"urlTemplate\":\"https:\/\/www.dsju.hr\/?s={search_term_string}\"},\"query-input\":{\"@type\":\"PropertyValueSpecification\",\"valueRequired\":true,\"valueName\":\"search_term_string\"}}],\"inLanguage\":\"en-GB\"},{\"@type\":\"Organization\",\"@id\":\"https:\/\/www.dsju.hr\/#organization\",\"name\":\"Dr\u017eavna \u0161kola za javnu upravu\",\"url\":\"https:\/\/www.dsju.hr\/\",\"logo\":{\"@type\":\"ImageObject\",\"inLanguage\":\"en-GB\",\"@id\":\"https:\/\/www.dsju.hr\/#\/schema\/logo\/image\/\",\"url\":\"https:\/\/www.dsju.hr\/wp-content\/uploads\/2023\/01\/DSJU_logo_white.png\",\"contentUrl\":\"https:\/\/www.dsju.hr\/wp-content\/uploads\/2023\/01\/DSJU_logo_white.png\",\"width\":501,\"height\":182,\"caption\":\"Dr\u017eavna \u0161kola za javnu upravu\"},\"image\":{\"@id\":\"https:\/\/www.dsju.hr\/#\/schema\/logo\/image\/\"}},{\"@type\":\"Person\",\"@id\":\"https:\/\/www.dsju.hr\/#\/schema\/person\/c396e83622c42e65c45c4d73d731665f\",\"name\":\"DsjuAdmin\",\"image\":{\"@type\":\"ImageObject\",\"inLanguage\":\"en-GB\",\"@id\":\"https:\/\/www.dsju.hr\/#\/schema\/person\/image\/\",\"url\":\"https:\/\/secure.gravatar.com\/avatar\/fe7b4a1d7c2790380222d16766731dba274dc5876c56827326f5bcce7ac94d48?s=96&d=mm&r=g\",\"contentUrl\":\"https:\/\/secure.gravatar.com\/avatar\/fe7b4a1d7c2790380222d16766731dba274dc5876c56827326f5bcce7ac94d48?s=96&d=mm&r=g\",\"caption\":\"DsjuAdmin\"},\"sameAs\":[\"http:\/\/dsju.simetrys.info\"],\"url\":\"https:\/\/www.dsju.hr\/en\/author\/dsjuadmin\/\"}]}<\/script>\n<!-- \/ Yoast SEO plugin. -->","yoast_head_json":{"title":"Poziv na sve\u010dano otvaranje 13. generacije sveu\u010dili\u0161nog specijalisti\u010dkog studija Menad\u017ement u javnom sektoru Ekonomskog fakulteta Sveu\u010dili\u0161ta u Rijeci - Dr\u017eavna \u0161kola za javnu upravu","robots":{"index":"index","follow":"follow","max-snippet":"max-snippet:-1","max-image-preview":"max-image-preview:large","max-video-preview":"max-video-preview:-1"},"canonical":"https:\/\/www.dsju.hr\/en\/novosti-i-objave\/novosti\/svecano-otvaranje-13-generacije-sveucilisnog-specijalistickog-studija-menadzment-u-javnom-sektoru-ekonomskog-fakulteta-sveucilista-u-rijeci\/","og_locale":"en_GB","og_type":"article","og_title":"Poziv na sve\u010dano otvaranje 13. generacije sveu\u010dili\u0161nog specijalisti\u010dkog studija Menad\u017ement u javnom sektoru Ekonomskog fakulteta Sveu\u010dili\u0161ta u Rijeci - Dr\u017eavna \u0161kola za javnu upravu","og_description":"Povodom otvaranja studija, u Dr\u017eavnoj \u0161koli za javnu upravu \u0107e se 23. velja\u010de 2026. odr\u017eati panel rasprava na temu \u201eTransformacija javnog sektora: europska integracija, OECD standardi i umjetna inteligencija kao temelj nove generacije upravljanja\".","og_url":"https:\/\/www.dsju.hr\/en\/novosti-i-objave\/novosti\/svecano-otvaranje-13-generacije-sveucilisnog-specijalistickog-studija-menadzment-u-javnom-sektoru-ekonomskog-fakulteta-sveucilista-u-rijeci\/","og_site_name":"Dr\u017eavna \u0161kola za javnu upravu","article_published_time":"2026-02-18T11:24:13+00:00","article_modified_time":"2026-02-19T08:18:11+00:00","og_image":[{"width":1133,"height":650,"url":"https:\/\/www.dsju.hr\/wp-content\/uploads\/2026\/02\/UNIRI_upisi.jpg","type":"image\/jpeg"}],"author":"DsjuAdmin","twitter_card":"summary_large_image","twitter_misc":{"Written by":"DsjuAdmin","Estimated reading time":"2 minutes"},"schema":{"@context":"https:\/\/schema.org","@graph":[{"@type":"Article","@id":"https:\/\/www.dsju.hr\/novosti-i-objave\/novosti\/svecano-otvaranje-13-generacije-sveucilisnog-specijalistickog-studija-menadzment-u-javnom-sektoru-ekonomskog-fakulteta-sveucilista-u-rijeci\/#article","isPartOf":{"@id":"https:\/\/www.dsju.hr\/novosti-i-objave\/novosti\/svecano-otvaranje-13-generacije-sveucilisnog-specijalistickog-studija-menadzment-u-javnom-sektoru-ekonomskog-fakulteta-sveucilista-u-rijeci\/"},"author":{"name":"DsjuAdmin","@id":"https:\/\/www.dsju.hr\/#\/schema\/person\/c396e83622c42e65c45c4d73d731665f"},"headline":"Poziv na sve\u010dano otvaranje 13. generacije sveu\u010dili\u0161nog specijalisti\u010dkog studija Menad\u017ement u javnom sektoru Ekonomskog fakulteta Sveu\u010dili\u0161ta u Rijeci","datePublished":"2026-02-18T11:24:13+00:00","dateModified":"2026-02-19T08:18:11+00:00","mainEntityOfPage":{"@id":"https:\/\/www.dsju.hr\/novosti-i-objave\/novosti\/svecano-otvaranje-13-generacije-sveucilisnog-specijalistickog-studija-menadzment-u-javnom-sektoru-ekonomskog-fakulteta-sveucilista-u-rijeci\/"},"wordCount":433,"publisher":{"@id":"https:\/\/www.dsju.hr\/#organization"},"image":{"@id":"https:\/\/www.dsju.hr\/novosti-i-objave\/novosti\/svecano-otvaranje-13-generacije-sveucilisnog-specijalistickog-studija-menadzment-u-javnom-sektoru-ekonomskog-fakulteta-sveucilista-u-rijeci\/#primaryimage"},"thumbnailUrl":"https:\/\/www.dsju.hr\/wp-content\/uploads\/2026\/02\/UNIRI_upisi.jpg","articleSection":["Novosti"],"inLanguage":"en-GB"},{"@type":"WebPage","@id":"https:\/\/www.dsju.hr\/novosti-i-objave\/novosti\/svecano-otvaranje-13-generacije-sveucilisnog-specijalistickog-studija-menadzment-u-javnom-sektoru-ekonomskog-fakulteta-sveucilista-u-rijeci\/","url":"https:\/\/www.dsju.hr\/novosti-i-objave\/novosti\/svecano-otvaranje-13-generacije-sveucilisnog-specijalistickog-studija-menadzment-u-javnom-sektoru-ekonomskog-fakulteta-sveucilista-u-rijeci\/","name":"Poziv na sve\u010dano otvaranje 13. generacije sveu\u010dili\u0161nog specijalisti\u010dkog studija Menad\u017ement u javnom sektoru Ekonomskog fakulteta Sveu\u010dili\u0161ta u Rijeci - Dr\u017eavna \u0161kola za javnu upravu","isPartOf":{"@id":"https:\/\/www.dsju.hr\/#website"},"primaryImageOfPage":{"@id":"https:\/\/www.dsju.hr\/novosti-i-objave\/novosti\/svecano-otvaranje-13-generacije-sveucilisnog-specijalistickog-studija-menadzment-u-javnom-sektoru-ekonomskog-fakulteta-sveucilista-u-rijeci\/#primaryimage"},"image":{"@id":"https:\/\/www.dsju.hr\/novosti-i-objave\/novosti\/svecano-otvaranje-13-generacije-sveucilisnog-specijalistickog-studija-menadzment-u-javnom-sektoru-ekonomskog-fakulteta-sveucilista-u-rijeci\/#primaryimage"},"thumbnailUrl":"https:\/\/www.dsju.hr\/wp-content\/uploads\/2026\/02\/UNIRI_upisi.jpg","datePublished":"2026-02-18T11:24:13+00:00","dateModified":"2026-02-19T08:18:11+00:00","inLanguage":"en-GB","potentialAction":[{"@type":"ReadAction","target":["https:\/\/www.dsju.hr\/novosti-i-objave\/novosti\/svecano-otvaranje-13-generacije-sveucilisnog-specijalistickog-studija-menadzment-u-javnom-sektoru-ekonomskog-fakulteta-sveucilista-u-rijeci\/"]}]},{"@type":"ImageObject","inLanguage":"en-GB","@id":"https:\/\/www.dsju.hr\/novosti-i-objave\/novosti\/svecano-otvaranje-13-generacije-sveucilisnog-specijalistickog-studija-menadzment-u-javnom-sektoru-ekonomskog-fakulteta-sveucilista-u-rijeci\/#primaryimage","url":"https:\/\/www.dsju.hr\/wp-content\/uploads\/2026\/02\/UNIRI_upisi.jpg","contentUrl":"https:\/\/www.dsju.hr\/wp-content\/uploads\/2026\/02\/UNIRI_upisi.jpg","width":1133,"height":650},{"@type":"WebSite","@id":"https:\/\/www.dsju.hr\/#website","url":"https:\/\/www.dsju.hr\/","name":"National School for Public Administration","description":"","publisher":{"@id":"https:\/\/www.dsju.hr\/#organization"},"potentialAction":[{"@type":"SearchAction","target":{"@type":"EntryPoint","urlTemplate":"https:\/\/www.dsju.hr\/?s={search_term_string}"},"query-input":{"@type":"PropertyValueSpecification","valueRequired":true,"valueName":"search_term_string"}}],"inLanguage":"en-GB"},{"@type":"Organization","@id":"https:\/\/www.dsju.hr\/#organization","name":"National School for Public Administration","url":"https:\/\/www.dsju.hr\/","logo":{"@type":"ImageObject","inLanguage":"en-GB","@id":"https:\/\/www.dsju.hr\/#\/schema\/logo\/image\/","url":"https:\/\/www.dsju.hr\/wp-content\/uploads\/2023\/01\/DSJU_logo_white.png","contentUrl":"https:\/\/www.dsju.hr\/wp-content\/uploads\/2023\/01\/DSJU_logo_white.png","width":501,"height":182,"caption":"Dr\u017eavna \u0161kola za javnu upravu"},"image":{"@id":"https:\/\/www.dsju.hr\/#\/schema\/logo\/image\/"}},{"@type":"Person","@id":"https:\/\/www.dsju.hr\/#\/schema\/person\/c396e83622c42e65c45c4d73d731665f","name":"DsjuAdmin","image":{"@type":"ImageObject","inLanguage":"en-GB","@id":"https:\/\/www.dsju.hr\/#\/schema\/person\/image\/","url":"https:\/\/secure.gravatar.com\/avatar\/fe7b4a1d7c2790380222d16766731dba274dc5876c56827326f5bcce7ac94d48?s=96&d=mm&r=g","contentUrl":"https:\/\/secure.gravatar.com\/avatar\/fe7b4a1d7c2790380222d16766731dba274dc5876c56827326f5bcce7ac94d48?s=96&d=mm&r=g","caption":"DsjuAdmin"},"sameAs":["http:\/\/dsju.simetrys.info"],"url":"https:\/\/www.dsju.hr\/en\/author\/dsjuadmin\/"}]}},"_links":{"self":[{"href":"https:\/\/www.dsju.hr\/en\/wp-json\/wp\/v2\/posts\/15967","targetHints":{"allow":["GET"]}}],"collection":[{"href":"https:\/\/www.dsju.hr\/en\/wp-json\/wp\/v2\/posts"}],"about":[{"href":"https:\/\/www.dsju.hr\/en\/wp-json\/wp\/v2\/types\/post"}],"author":[{"embeddable":true,"href":"https:\/\/www.dsju.hr\/en\/wp-json\/wp\/v2\/users\/1"}],"replies":[{"embeddable":true,"href":"https:\/\/www.dsju.hr\/en\/wp-json\/wp\/v2\/comments?post=15967"}],"version-history":[{"count":6,"href":"https:\/\/www.dsju.hr\/en\/wp-json\/wp\/v2\/posts\/15967\/revisions"}],"predecessor-version":[{"id":15975,"href":"https:\/\/www.dsju.hr\/en\/wp-json\/wp\/v2\/posts\/15967\/revisions\/15975"}],"wp:featuredmedia":[{"embeddable":true,"href":"https:\/\/www.dsju.hr\/en\/wp-json\/wp\/v2\/media\/15968"}],"wp:attachment":[{"href":"https:\/\/www.dsju.hr\/en\/wp-json\/wp\/v2\/media?parent=15967"}],"wp:term":[{"taxonomy":"category","embeddable":true,"href":"https:\/\/www.dsju.hr\/en\/wp-json\/wp\/v2\/categories?post=15967"},{"taxonomy":"post_tag","embeddable":true,"href":"https:\/\/www.dsju.hr\/en\/wp-json\/wp\/v2\/tags?post=15967"}],"curies":[{"name":"wp","href":"https:\/\/api.w.org\/{rel}","templated":true}]}}