{"id":15713,"date":"2025-10-17T16:40:53","date_gmt":"2025-10-17T14:40:53","guid":{"rendered":"https:\/\/www.dsju.hr\/?p=15713"},"modified":"2025-10-21T17:01:11","modified_gmt":"2025-10-21T15:01:11","slug":"sudjelovanje-drzavne-skole-za-javnu-upravu-na-dispa-sastanku-u-crnoj-gori","status":"publish","type":"post","link":"https:\/\/www.dsju.hr\/en\/novosti-i-objave\/novosti\/sudjelovanje-drzavne-skole-za-javnu-upravu-na-dispa-sastanku-u-crnoj-gori\/","title":{"rendered":"Sudjelovanje Dr\u017eavne \u0161kole za javnu upravu na DISPA sastanku u Crnoj gori"},"content":{"rendered":"<p>Sastanak je organizirala <a href=\"https:\/\/www.respaweb.eu\/\">Regional School of Public Administration (ReSPA)<\/a> na temu \u201e<strong>Future-Proofing Public Servants: Leading Through Crises While Delivering Results<\/strong>\u201c.<\/p>\n\n\n\n<p>Tijekom trodnevnog programa sudionici su raspravljali o na\u010dinima ja\u010danja kapaciteta javne uprave za vo\u0111enje i djelovanje u razdobljima krize i neizvjesnosti. Poseban naglasak stavljen je na dizajn budu\u0107ih programa vodstva, razvoj kompetencija, inovativne metode u\u010denja i suradnju me\u0111u europskim \u0161kolama javne uprave.<\/p>\n\n\n\n<p>Voditeljica Slu\u017ebe za me\u0111unarodnu suradnju i projekte Dr\u017eavne \u0161kole za javnu upravu Marija Grga moderirala je tematsku raspravu pod nazivom \u201e<strong>Executive Trainings and Mobility Schemes: What is the Added Value?<\/strong>\u201c u sklopu world caf\u00e9 diskusija o budu\u0107im potrebama javne slu\u017ebe, upravljanju ljudskim potencijalima temeljenom na podacima, coachingu za vodstvo, inovacijama te mobilnosti i profesionalnom usavr\u0161avanju za rukovode\u0107e slu\u017ebenike. Na sastanku je, kao predstavnica \u0160kole, sudjelovala i vi\u0161a savjetnica Vlatka \u0160piljak.<\/p>\n\n\n\n<p><\/p>\n\n\n\n<p><\/p>","protected":false},"excerpt":{"rendered":"<p>U Budvi je od 15. do 17. listopada 2025. odr\u017ean redoviti sastanak mre\u017ee <a href=\"\/en\/\u201chttps:\/\/commission.europa.eu\/about-european-commission\/departments-and-executive-agencies\/european-school-administration\/network-directors-institutes-and-schools-public-administration-dispa_en\/\">DISPA\u2013 Directors of Institutes and Schools for Public Administration<\/a> koja okuplja ravnatelje i direktore te ostale predstavnike \u0161kola i instituta za javnu upravu dr\u017eava \u010dlanica Europske unije i zemalja pro\u0161irenja.<\/p>","protected":false},"author":1,"featured_media":15714,"comment_status":"closed","ping_status":"closed","sticky":false,"template":"","format":"standard","meta":{"_acf_changed":false,"_tec_requires_first_save":true,"inline_featured_image":false,"_EventAllDay":false,"_EventTimezone":"","_EventStartDate":"","_EventEndDate":"","_EventStartDateUTC":"","_EventEndDateUTC":"","_EventShowMap":false,"_EventShowMapLink":false,"_EventURL":"","_EventCost":"","_EventCostDescription":"","_EventCurrencySymbol":"","_EventCurrencyCode":"","_EventCurrencyPosition":"","_EventDateTimeSeparator":"","_EventTimeRangeSeparator":"","_EventOrganizerID":[],"_EventVenueID":[],"_OrganizerEmail":"","_OrganizerPhone":"","_OrganizerWebsite":"","_VenueAddress":"","_VenueCity":"","_VenueCountry":"","_VenueProvince":"","_VenueState":"","_VenueZip":"","_VenuePhone":"","_VenueURL":"","_VenueStateProvince":"","_VenueLat":"","_VenueLng":"","_VenueShowMap":false,"_VenueShowMapLink":false,"_tribe_blocks_recurrence_rules":"","_tribe_blocks_recurrence_description":"","_tribe_blocks_recurrence_exclusions":"","footnotes":""},"categories":[39,16],"tags":[],"class_list":["post-15713","post","type-post","status-publish","format-standard","has-post-thumbnail","hentry","category-medunarodna-suradnja","category-novosti"],"acf":[],"yoast_head":"<!-- This site is optimized with the Yoast SEO plugin v23.4 - https:\/\/yoast.com\/wordpress\/plugins\/seo\/ -->\n<title>Sudjelovanje Dr\u017eavne \u0161kole za javnu upravu na DISPA sastanku u Crnoj gori - Dr\u017eavna \u0161kola za javnu upravu<\/title>\n<meta name=\"robots\" content=\"index, follow, max-snippet:-1, max-image-preview:large, max-video-preview:-1\" \/>\n<link rel=\"canonical\" href=\"https:\/\/www.dsju.hr\/en\/novosti-i-objave\/novosti\/sudjelovanje-drzavne-skole-za-javnu-upravu-na-dispa-sastanku-u-crnoj-gori\/\" \/>\n<meta property=\"og:locale\" content=\"en_GB\" \/>\n<meta property=\"og:type\" content=\"article\" \/>\n<meta property=\"og:title\" content=\"Sudjelovanje Dr\u017eavne \u0161kole za javnu upravu na DISPA sastanku u Crnoj gori - Dr\u017eavna \u0161kola za javnu upravu\" \/>\n<meta property=\"og:description\" content=\"U Budvi je od 15. do 17. listopada 2025. odr\u017ean redoviti sastanak mre\u017ee DISPA\u2013 Directors of Institutes and Schools for Public Administration koja okuplja ravnatelje i direktore te ostale predstavnike \u0161kola i instituta za javnu upravu dr\u017eava \u010dlanica Europske unije i zemalja pro\u0161irenja.\" \/>\n<meta property=\"og:url\" content=\"https:\/\/www.dsju.hr\/en\/novosti-i-objave\/novosti\/sudjelovanje-drzavne-skole-za-javnu-upravu-na-dispa-sastanku-u-crnoj-gori\/\" \/>\n<meta property=\"og:site_name\" content=\"Dr\u017eavna \u0161kola za javnu upravu\" \/>\n<meta property=\"article:published_time\" content=\"2025-10-17T14:40:53+00:00\" \/>\n<meta property=\"article:modified_time\" content=\"2025-10-21T15:01:11+00:00\" \/>\n<meta property=\"og:image\" content=\"https:\/\/www.dsju.hr\/wp-content\/uploads\/2025\/10\/DISPA-Budva_1-scaled.jpg\" \/>\n\t<meta property=\"og:image:width\" content=\"2560\" \/>\n\t<meta property=\"og:image:height\" content=\"1426\" \/>\n\t<meta property=\"og:image:type\" content=\"image\/jpeg\" \/>\n<meta name=\"author\" content=\"DsjuAdmin\" \/>\n<meta name=\"twitter:card\" content=\"summary_large_image\" \/>\n<meta name=\"twitter:label1\" content=\"Written by\" \/>\n\t<meta name=\"twitter:data1\" content=\"DsjuAdmin\" \/>\n\t<meta name=\"twitter:label2\" content=\"Estimated reading time\" \/>\n\t<meta name=\"twitter:data2\" content=\"1 minute\" \/>\n<script type=\"application\/ld+json\" class=\"yoast-schema-graph\">{\"@context\":\"https:\/\/schema.org\",\"@graph\":[{\"@type\":\"Article\",\"@id\":\"https:\/\/www.dsju.hr\/novosti-i-objave\/novosti\/sudjelovanje-drzavne-skole-za-javnu-upravu-na-dispa-sastanku-u-crnoj-gori\/#article\",\"isPartOf\":{\"@id\":\"https:\/\/www.dsju.hr\/novosti-i-objave\/novosti\/sudjelovanje-drzavne-skole-za-javnu-upravu-na-dispa-sastanku-u-crnoj-gori\/\"},\"author\":{\"name\":\"DsjuAdmin\",\"@id\":\"https:\/\/www.dsju.hr\/#\/schema\/person\/c396e83622c42e65c45c4d73d731665f\"},\"headline\":\"Sudjelovanje Dr\u017eavne \u0161kole za javnu upravu na DISPA sastanku u Crnoj gori\",\"datePublished\":\"2025-10-17T14:40:53+00:00\",\"dateModified\":\"2025-10-21T15:01:11+00:00\",\"mainEntityOfPage\":{\"@id\":\"https:\/\/www.dsju.hr\/novosti-i-objave\/novosti\/sudjelovanje-drzavne-skole-za-javnu-upravu-na-dispa-sastanku-u-crnoj-gori\/\"},\"wordCount\":160,\"publisher\":{\"@id\":\"https:\/\/www.dsju.hr\/#organization\"},\"image\":{\"@id\":\"https:\/\/www.dsju.hr\/novosti-i-objave\/novosti\/sudjelovanje-drzavne-skole-za-javnu-upravu-na-dispa-sastanku-u-crnoj-gori\/#primaryimage\"},\"thumbnailUrl\":\"https:\/\/www.dsju.hr\/wp-content\/uploads\/2025\/10\/DISPA-Budva_1-scaled.jpg\",\"articleSection\":[\"Me\u0111unarodna suradnja\",\"Novosti\"],\"inLanguage\":\"en-GB\"},{\"@type\":\"WebPage\",\"@id\":\"https:\/\/www.dsju.hr\/novosti-i-objave\/novosti\/sudjelovanje-drzavne-skole-za-javnu-upravu-na-dispa-sastanku-u-crnoj-gori\/\",\"url\":\"https:\/\/www.dsju.hr\/novosti-i-objave\/novosti\/sudjelovanje-drzavne-skole-za-javnu-upravu-na-dispa-sastanku-u-crnoj-gori\/\",\"name\":\"Sudjelovanje Dr\u017eavne \u0161kole za javnu upravu na DISPA sastanku u Crnoj gori - Dr\u017eavna \u0161kola za javnu upravu\",\"isPartOf\":{\"@id\":\"https:\/\/www.dsju.hr\/#website\"},\"primaryImageOfPage\":{\"@id\":\"https:\/\/www.dsju.hr\/novosti-i-objave\/novosti\/sudjelovanje-drzavne-skole-za-javnu-upravu-na-dispa-sastanku-u-crnoj-gori\/#primaryimage\"},\"image\":{\"@id\":\"https:\/\/www.dsju.hr\/novosti-i-objave\/novosti\/sudjelovanje-drzavne-skole-za-javnu-upravu-na-dispa-sastanku-u-crnoj-gori\/#primaryimage\"},\"thumbnailUrl\":\"https:\/\/www.dsju.hr\/wp-content\/uploads\/2025\/10\/DISPA-Budva_1-scaled.jpg\",\"datePublished\":\"2025-10-17T14:40:53+00:00\",\"dateModified\":\"2025-10-21T15:01:11+00:00\",\"inLanguage\":\"en-GB\",\"potentialAction\":[{\"@type\":\"ReadAction\",\"target\":[\"https:\/\/www.dsju.hr\/novosti-i-objave\/novosti\/sudjelovanje-drzavne-skole-za-javnu-upravu-na-dispa-sastanku-u-crnoj-gori\/\"]}]},{\"@type\":\"ImageObject\",\"inLanguage\":\"en-GB\",\"@id\":\"https:\/\/www.dsju.hr\/novosti-i-objave\/novosti\/sudjelovanje-drzavne-skole-za-javnu-upravu-na-dispa-sastanku-u-crnoj-gori\/#primaryimage\",\"url\":\"https:\/\/www.dsju.hr\/wp-content\/uploads\/2025\/10\/DISPA-Budva_1-scaled.jpg\",\"contentUrl\":\"https:\/\/www.dsju.hr\/wp-content\/uploads\/2025\/10\/DISPA-Budva_1-scaled.jpg\",\"width\":2560,\"height\":1426},{\"@type\":\"WebSite\",\"@id\":\"https:\/\/www.dsju.hr\/#website\",\"url\":\"https:\/\/www.dsju.hr\/\",\"name\":\"Dr\u017eavna \u0161kola za javnu upravu\",\"description\":\"\",\"publisher\":{\"@id\":\"https:\/\/www.dsju.hr\/#organization\"},\"potentialAction\":[{\"@type\":\"SearchAction\",\"target\":{\"@type\":\"EntryPoint\",\"urlTemplate\":\"https:\/\/www.dsju.hr\/?s={search_term_string}\"},\"query-input\":{\"@type\":\"PropertyValueSpecification\",\"valueRequired\":true,\"valueName\":\"search_term_string\"}}],\"inLanguage\":\"en-GB\"},{\"@type\":\"Organization\",\"@id\":\"https:\/\/www.dsju.hr\/#organization\",\"name\":\"Dr\u017eavna \u0161kola za javnu upravu\",\"url\":\"https:\/\/www.dsju.hr\/\",\"logo\":{\"@type\":\"ImageObject\",\"inLanguage\":\"en-GB\",\"@id\":\"https:\/\/www.dsju.hr\/#\/schema\/logo\/image\/\",\"url\":\"https:\/\/www.dsju.hr\/wp-content\/uploads\/2023\/01\/DSJU_logo_white.png\",\"contentUrl\":\"https:\/\/www.dsju.hr\/wp-content\/uploads\/2023\/01\/DSJU_logo_white.png\",\"width\":501,\"height\":182,\"caption\":\"Dr\u017eavna \u0161kola za javnu upravu\"},\"image\":{\"@id\":\"https:\/\/www.dsju.hr\/#\/schema\/logo\/image\/\"}},{\"@type\":\"Person\",\"@id\":\"https:\/\/www.dsju.hr\/#\/schema\/person\/c396e83622c42e65c45c4d73d731665f\",\"name\":\"DsjuAdmin\",\"image\":{\"@type\":\"ImageObject\",\"inLanguage\":\"en-GB\",\"@id\":\"https:\/\/www.dsju.hr\/#\/schema\/person\/image\/\",\"url\":\"https:\/\/secure.gravatar.com\/avatar\/fe7b4a1d7c2790380222d16766731dba274dc5876c56827326f5bcce7ac94d48?s=96&d=mm&r=g\",\"contentUrl\":\"https:\/\/secure.gravatar.com\/avatar\/fe7b4a1d7c2790380222d16766731dba274dc5876c56827326f5bcce7ac94d48?s=96&d=mm&r=g\",\"caption\":\"DsjuAdmin\"},\"sameAs\":[\"http:\/\/dsju.simetrys.info\"],\"url\":\"https:\/\/www.dsju.hr\/en\/author\/dsjuadmin\/\"}]}<\/script>\n<!-- \/ Yoast SEO plugin. -->","yoast_head_json":{"title":"Sudjelovanje Dr\u017eavne \u0161kole za javnu upravu na DISPA sastanku u Crnoj gori - Dr\u017eavna \u0161kola za javnu upravu","robots":{"index":"index","follow":"follow","max-snippet":"max-snippet:-1","max-image-preview":"max-image-preview:large","max-video-preview":"max-video-preview:-1"},"canonical":"https:\/\/www.dsju.hr\/en\/novosti-i-objave\/novosti\/sudjelovanje-drzavne-skole-za-javnu-upravu-na-dispa-sastanku-u-crnoj-gori\/","og_locale":"en_GB","og_type":"article","og_title":"Sudjelovanje Dr\u017eavne \u0161kole za javnu upravu na DISPA sastanku u Crnoj gori - Dr\u017eavna \u0161kola za javnu upravu","og_description":"U Budvi je od 15. do 17. listopada 2025. odr\u017ean redoviti sastanak mre\u017ee DISPA\u2013 Directors of Institutes and Schools for Public Administration koja okuplja ravnatelje i direktore te ostale predstavnike \u0161kola i instituta za javnu upravu dr\u017eava \u010dlanica Europske unije i zemalja pro\u0161irenja.","og_url":"https:\/\/www.dsju.hr\/en\/novosti-i-objave\/novosti\/sudjelovanje-drzavne-skole-za-javnu-upravu-na-dispa-sastanku-u-crnoj-gori\/","og_site_name":"Dr\u017eavna \u0161kola za javnu upravu","article_published_time":"2025-10-17T14:40:53+00:00","article_modified_time":"2025-10-21T15:01:11+00:00","og_image":[{"width":2560,"height":1426,"url":"https:\/\/www.dsju.hr\/wp-content\/uploads\/2025\/10\/DISPA-Budva_1-scaled.jpg","type":"image\/jpeg"}],"author":"DsjuAdmin","twitter_card":"summary_large_image","twitter_misc":{"Written by":"DsjuAdmin","Estimated reading time":"1 minute"},"schema":{"@context":"https:\/\/schema.org","@graph":[{"@type":"Article","@id":"https:\/\/www.dsju.hr\/novosti-i-objave\/novosti\/sudjelovanje-drzavne-skole-za-javnu-upravu-na-dispa-sastanku-u-crnoj-gori\/#article","isPartOf":{"@id":"https:\/\/www.dsju.hr\/novosti-i-objave\/novosti\/sudjelovanje-drzavne-skole-za-javnu-upravu-na-dispa-sastanku-u-crnoj-gori\/"},"author":{"name":"DsjuAdmin","@id":"https:\/\/www.dsju.hr\/#\/schema\/person\/c396e83622c42e65c45c4d73d731665f"},"headline":"Sudjelovanje Dr\u017eavne \u0161kole za javnu upravu na DISPA sastanku u Crnoj gori","datePublished":"2025-10-17T14:40:53+00:00","dateModified":"2025-10-21T15:01:11+00:00","mainEntityOfPage":{"@id":"https:\/\/www.dsju.hr\/novosti-i-objave\/novosti\/sudjelovanje-drzavne-skole-za-javnu-upravu-na-dispa-sastanku-u-crnoj-gori\/"},"wordCount":160,"publisher":{"@id":"https:\/\/www.dsju.hr\/#organization"},"image":{"@id":"https:\/\/www.dsju.hr\/novosti-i-objave\/novosti\/sudjelovanje-drzavne-skole-za-javnu-upravu-na-dispa-sastanku-u-crnoj-gori\/#primaryimage"},"thumbnailUrl":"https:\/\/www.dsju.hr\/wp-content\/uploads\/2025\/10\/DISPA-Budva_1-scaled.jpg","articleSection":["Me\u0111unarodna suradnja","Novosti"],"inLanguage":"en-GB"},{"@type":"WebPage","@id":"https:\/\/www.dsju.hr\/novosti-i-objave\/novosti\/sudjelovanje-drzavne-skole-za-javnu-upravu-na-dispa-sastanku-u-crnoj-gori\/","url":"https:\/\/www.dsju.hr\/novosti-i-objave\/novosti\/sudjelovanje-drzavne-skole-za-javnu-upravu-na-dispa-sastanku-u-crnoj-gori\/","name":"Sudjelovanje Dr\u017eavne \u0161kole za javnu upravu na DISPA sastanku u Crnoj gori - Dr\u017eavna \u0161kola za javnu upravu","isPartOf":{"@id":"https:\/\/www.dsju.hr\/#website"},"primaryImageOfPage":{"@id":"https:\/\/www.dsju.hr\/novosti-i-objave\/novosti\/sudjelovanje-drzavne-skole-za-javnu-upravu-na-dispa-sastanku-u-crnoj-gori\/#primaryimage"},"image":{"@id":"https:\/\/www.dsju.hr\/novosti-i-objave\/novosti\/sudjelovanje-drzavne-skole-za-javnu-upravu-na-dispa-sastanku-u-crnoj-gori\/#primaryimage"},"thumbnailUrl":"https:\/\/www.dsju.hr\/wp-content\/uploads\/2025\/10\/DISPA-Budva_1-scaled.jpg","datePublished":"2025-10-17T14:40:53+00:00","dateModified":"2025-10-21T15:01:11+00:00","inLanguage":"en-GB","potentialAction":[{"@type":"ReadAction","target":["https:\/\/www.dsju.hr\/novosti-i-objave\/novosti\/sudjelovanje-drzavne-skole-za-javnu-upravu-na-dispa-sastanku-u-crnoj-gori\/"]}]},{"@type":"ImageObject","inLanguage":"en-GB","@id":"https:\/\/www.dsju.hr\/novosti-i-objave\/novosti\/sudjelovanje-drzavne-skole-za-javnu-upravu-na-dispa-sastanku-u-crnoj-gori\/#primaryimage","url":"https:\/\/www.dsju.hr\/wp-content\/uploads\/2025\/10\/DISPA-Budva_1-scaled.jpg","contentUrl":"https:\/\/www.dsju.hr\/wp-content\/uploads\/2025\/10\/DISPA-Budva_1-scaled.jpg","width":2560,"height":1426},{"@type":"WebSite","@id":"https:\/\/www.dsju.hr\/#website","url":"https:\/\/www.dsju.hr\/","name":"National School for Public Administration","description":"","publisher":{"@id":"https:\/\/www.dsju.hr\/#organization"},"potentialAction":[{"@type":"SearchAction","target":{"@type":"EntryPoint","urlTemplate":"https:\/\/www.dsju.hr\/?s={search_term_string}"},"query-input":{"@type":"PropertyValueSpecification","valueRequired":true,"valueName":"search_term_string"}}],"inLanguage":"en-GB"},{"@type":"Organization","@id":"https:\/\/www.dsju.hr\/#organization","name":"National School for Public Administration","url":"https:\/\/www.dsju.hr\/","logo":{"@type":"ImageObject","inLanguage":"en-GB","@id":"https:\/\/www.dsju.hr\/#\/schema\/logo\/image\/","url":"https:\/\/www.dsju.hr\/wp-content\/uploads\/2023\/01\/DSJU_logo_white.png","contentUrl":"https:\/\/www.dsju.hr\/wp-content\/uploads\/2023\/01\/DSJU_logo_white.png","width":501,"height":182,"caption":"Dr\u017eavna \u0161kola za javnu upravu"},"image":{"@id":"https:\/\/www.dsju.hr\/#\/schema\/logo\/image\/"}},{"@type":"Person","@id":"https:\/\/www.dsju.hr\/#\/schema\/person\/c396e83622c42e65c45c4d73d731665f","name":"DsjuAdmin","image":{"@type":"ImageObject","inLanguage":"en-GB","@id":"https:\/\/www.dsju.hr\/#\/schema\/person\/image\/","url":"https:\/\/secure.gravatar.com\/avatar\/fe7b4a1d7c2790380222d16766731dba274dc5876c56827326f5bcce7ac94d48?s=96&d=mm&r=g","contentUrl":"https:\/\/secure.gravatar.com\/avatar\/fe7b4a1d7c2790380222d16766731dba274dc5876c56827326f5bcce7ac94d48?s=96&d=mm&r=g","caption":"DsjuAdmin"},"sameAs":["http:\/\/dsju.simetrys.info"],"url":"https:\/\/www.dsju.hr\/en\/author\/dsjuadmin\/"}]}},"_links":{"self":[{"href":"https:\/\/www.dsju.hr\/en\/wp-json\/wp\/v2\/posts\/15713","targetHints":{"allow":["GET"]}}],"collection":[{"href":"https:\/\/www.dsju.hr\/en\/wp-json\/wp\/v2\/posts"}],"about":[{"href":"https:\/\/www.dsju.hr\/en\/wp-json\/wp\/v2\/types\/post"}],"author":[{"embeddable":true,"href":"https:\/\/www.dsju.hr\/en\/wp-json\/wp\/v2\/users\/1"}],"replies":[{"embeddable":true,"href":"https:\/\/www.dsju.hr\/en\/wp-json\/wp\/v2\/comments?post=15713"}],"version-history":[{"count":2,"href":"https:\/\/www.dsju.hr\/en\/wp-json\/wp\/v2\/posts\/15713\/revisions"}],"predecessor-version":[{"id":15717,"href":"https:\/\/www.dsju.hr\/en\/wp-json\/wp\/v2\/posts\/15713\/revisions\/15717"}],"wp:featuredmedia":[{"embeddable":true,"href":"https:\/\/www.dsju.hr\/en\/wp-json\/wp\/v2\/media\/15714"}],"wp:attachment":[{"href":"https:\/\/www.dsju.hr\/en\/wp-json\/wp\/v2\/media?parent=15713"}],"wp:term":[{"taxonomy":"category","embeddable":true,"href":"https:\/\/www.dsju.hr\/en\/wp-json\/wp\/v2\/categories?post=15713"},{"taxonomy":"post_tag","embeddable":true,"href":"https:\/\/www.dsju.hr\/en\/wp-json\/wp\/v2\/tags?post=15713"}],"curies":[{"name":"wp","href":"https:\/\/api.w.org\/{rel}","templated":true}]}}